{"id":69619,"date":"2024-12-15T23:08:12","date_gmt":"2024-12-16T02:08:12","guid":{"rendered":"https:\/\/agendaparaguay.com\/v2\/?p=69619"},"modified":"2024-12-16T08:53:32","modified_gmt":"2024-12-16T11:53:32","slug":"excluyen-a-beneficiario-de-tekopora-tras-confirmar-falsedad-en-el-censo-de-calidad-de-vida","status":"publish","type":"post","link":"https:\/\/agendaparaguay.com\/v2\/2024\/12\/15\/excluyen-a-beneficiario-de-tekopora-tras-confirmar-falsedad-en-el-censo-de-calidad-de-vida\/","title":{"rendered":"Excluyen a beneficiario de Tekopor\u00e3 tras confirmar falsedad en el censo de calidad de vida"},"content":{"rendered":"<p style=\"text-align: justify;\">El Ministerio de Desarrollo Social (MDS) inform\u00f3 sobre la exclusi\u00f3n de una beneficiaria del programa Tekopor\u00e3, tras confirmar que proporcion\u00f3 informaci\u00f3n falsa durante el censo de calidad de vida.<!--more--><\/p>\n<p style=\"text-align: justify;\">La decisi\u00f3n fue tomada luego de una investigaci\u00f3n derivada de denuncias presentadas por vecinos del barrio San Isidro, quienes se\u00f1alaron que el nivel de vida de Blanca Estela Portillo no correspond\u00eda con los criterios socioecon\u00f3micos requeridos para ser beneficiaria del programa de protecci\u00f3n social.<\/p>\n<p style=\"text-align: justify;\">Funcionarios del MDS verificaron que Portillo se instal\u00f3 temporalmente en una vivienda humilde perteneciente a un vecino, intentando aparentar condiciones de precariedad. Seg\u00fan el informe remitido, la propia involucrada admiti\u00f3 haber utilizado la vivienda para calificar en el censo, mientras que su verdadera residencia refleja un est\u00e1ndar de vida superior al establecido por Tekopor\u00e3.<\/p>\n<p style=\"text-align: justify;\">Los due\u00f1os de la vivienda donde se realiz\u00f3 el censo confirmaron que Portillo no es residente de dicha propiedad, sino de la casa colindante, lo que termin\u00f3 de esclarecer la irregularidad. Ante esta situaci\u00f3n, el MDS procedi\u00f3 a excluir a la denunciada del programa y bloque\u00f3 su cuenta bancaria asociada.<\/p>\n<p style=\"text-align: justify;\">En reiteradas ocasiones, en los diversos actos en el interior del pa\u00eds, el ministro de la instituci\u00f3n Tadeo Rojas insisti\u00f3 en que los recursos p\u00fablicos deben ser dirigidos a las personas que verdaderamente necesitan, tal como lo exigen las normas.<\/p>\n<p style=\"text-align: justify;\">Por \u00faltimo, la direcci\u00f3n general de Asesor\u00eda Jur\u00eddica del MDS evaluar\u00e1 las acciones legales que correspondan frente a esta irregularidad, asegurando la transparencia y el cumplimiento de las normativas del programa Tekopor\u00e3. Fuente: Ip<\/p>\n","protected":false},"excerpt":{"rendered":"<p>El Ministerio de Desarrollo Social (MDS) inform\u00f3 sobre la exclusi\u00f3n de una beneficiaria del programa Tekopor\u00e3, tras confirmar que proporcion\u00f3 informaci\u00f3n falsa durante el censo de calidad de vida.<\/p>\n","protected":false},"author":1,"featured_media":14223,"comment_status":"closed","ping_status":"open","sticky":false,"template":"","format":"standard","meta":{"sfsi_plus_gutenberg_text_before_share":"","sfsi_plus_gutenberg_show_text_before_share":"","sfsi_plus_gutenberg_icon_type":"","sfsi_plus_gutenberg_icon_alignemt":"","sfsi_plus_gutenburg_max_per_row":"","footnotes":"","_jetpack_memberships_contains_paid_content":false,"jetpack_publicize_message":"","jetpack_publicize_feature_enabled":true,"jetpack_social_post_already_shared":true,"jetpack_social_options":{"image_generator_settings":{"template":"highway","enabled":false},"version":2}},"categories":[5],"tags":[],"jetpack_publicize_connections":[],"jetpack_sharing_enabled":true,"jetpack_featured_media_url":"https:\/\/agendaparaguay.com\/v2\/wp-content\/uploads\/2019\/10\/tekopora.jpeg","_links":{"self":[{"href":"https:\/\/agendaparaguay.com\/v2\/wp-json\/wp\/v2\/posts\/69619"}],"collection":[{"href":"https:\/\/agendaparaguay.com\/v2\/wp-json\/wp\/v2\/posts"}],"about":[{"href":"https:\/\/agendaparaguay.com\/v2\/wp-json\/wp\/v2\/types\/post"}],"author":[{"embeddable":true,"href":"https:\/\/agendaparaguay.com\/v2\/wp-json\/wp\/v2\/users\/1"}],"replies":[{"embeddable":true,"href":"https:\/\/agendaparaguay.com\/v2\/wp-json\/wp\/v2\/comments?post=69619"}],"version-history":[{"count":1,"href":"https:\/\/agendaparaguay.com\/v2\/wp-json\/wp\/v2\/posts\/69619\/revisions"}],"predecessor-version":[{"id":69620,"href":"https:\/\/agendaparaguay.com\/v2\/wp-json\/wp\/v2\/posts\/69619\/revisions\/69620"}],"wp:featuredmedia":[{"embeddable":true,"href":"https:\/\/agendaparaguay.com\/v2\/wp-json\/wp\/v2\/media\/14223"}],"wp:attachment":[{"href":"https:\/\/agendaparaguay.com\/v2\/wp-json\/wp\/v2\/media?parent=69619"}],"wp:term":[{"taxonomy":"category","embeddable":true,"href":"https:\/\/agendaparaguay.com\/v2\/wp-json\/wp\/v2\/categories?post=69619"},{"taxonomy":"post_tag","embeddable":true,"href":"https:\/\/agendaparaguay.com\/v2\/wp-json\/wp\/v2\/tags?post=69619"}],"curies":[{"name":"wp","href":"https:\/\/api.w.org\/{rel}","templated":true}]}}