{"id":69705,"date":"2024-12-18T15:53:04","date_gmt":"2024-12-18T18:53:04","guid":{"rendered":"https:\/\/agendaparaguay.com\/v2\/?p=69705"},"modified":"2024-12-19T08:07:40","modified_gmt":"2024-12-19T11:07:40","slug":"gobierno-confirma-que-mantiene-vigente-cooperacion-entre-la-senad-y-la-dea","status":"publish","type":"post","link":"https:\/\/agendaparaguay.com\/v2\/2024\/12\/18\/gobierno-confirma-que-mantiene-vigente-cooperacion-entre-la-senad-y-la-dea\/","title":{"rendered":"Gobierno confirma que mantiene vigente cooperaci\u00f3n entre la Senad y la DEA"},"content":{"rendered":"<p style=\"text-align: justify;\">Desde el Consejo de Defensa Nacional (Codena) se inform\u00f3 que se mantiene vigente la cooperaci\u00f3n entre la Secretar\u00eda Antidrogas paraguaya (Senad) y la Administraci\u00f3n de Control de Drogas de Estados Unidos (DEA), luego de la respuesta de \u00e9sta \u00faltima sobre una cooperaci\u00f3n suscrita en 2022.<\/p>\n<p style=\"text-align: justify;\">El titular del Codena, Cibar Ben\u00edtez, fue el encargado de dar la noticia este mediod\u00eda en conferencia de prensa. A la primera notificaci\u00f3n de la Senad de cancelar el convenio entre ambos organismos para su redireccionamiento a la Polic\u00eda Nacional, el organismo de EE.UU. inform\u00f3 que se encuentra vigente un convenio del a\u00f1o 2022.<\/p>\n<p style=\"text-align: justify;\">Ben\u00edtez dijo que dicho memor\u00e1ndum de entendimiento no se encontraba en los archivos de la Senad.<\/p>\n<p style=\"text-align: justify;\">\u00abSeguimos con el mismo principio de que se trata de una reorganizaci\u00f3n de los t\u00e9rminos, en el sentido de arreglarnos nosotros como Paraguay para recibir mejor esta cooperaci\u00f3n\u00bb, dijo.<\/p>\n<p style=\"text-align: justify;\">Es por ello, que se mantendr\u00e1 la cooperaci\u00f3n entre ambas unidades y se solicit\u00f3 una mesa de di\u00e1logo para ampliar sus alcances. Una de las primeras medidas ser\u00e1 solicitar la inclusi\u00f3n de otras instituciones, como la Secretar\u00eda de Prevenci\u00f3n del Lavado (Seprelad), en los esfuerzos de intercambio de informaci\u00f3n y operativos contra el narcotr\u00e1fico y crimen organizado.<\/p>\n<p style=\"text-align: justify;\">El titular del Codena confirm\u00f3 entonces que se dej\u00f3 sin efecto la primera nota remitida por el titular de la Senad, Jalil Rachid, solicitando culminar la cooperaci\u00f3n.<\/p>\n<p style=\"text-align: justify;\">Ben\u00edtez ratific\u00f3 la postura del Gobierno de fortalecer a la Polic\u00eda Nacional y articular los esfuerzos en materia de seguridad desde el Codena. Fuente: Ip<\/p>\n","protected":false},"excerpt":{"rendered":"<p>Desde el Consejo de Defensa Nacional (Codena) se inform\u00f3 que se mantiene vigente la cooperaci\u00f3n entre la Secretar\u00eda Antidrogas paraguaya (Senad) y la Administraci\u00f3n de Control de Drogas de Estados&hellip; <\/p>\n","protected":false},"author":1,"featured_media":69706,"comment_status":"closed","ping_status":"open","sticky":false,"template":"","format":"standard","meta":{"sfsi_plus_gutenberg_text_before_share":"","sfsi_plus_gutenberg_show_text_before_share":"","sfsi_plus_gutenberg_icon_type":"","sfsi_plus_gutenberg_icon_alignemt":"","sfsi_plus_gutenburg_max_per_row":"","footnotes":"","_jetpack_memberships_contains_paid_content":false,"jetpack_publicize_message":"","jetpack_publicize_feature_enabled":true,"jetpack_social_post_already_shared":true,"jetpack_social_options":{"image_generator_settings":{"template":"highway","enabled":false},"version":2}},"categories":[2],"tags":[],"jetpack_publicize_connections":[],"jetpack_sharing_enabled":true,"jetpack_featured_media_url":"https:\/\/agendaparaguay.com\/v2\/wp-content\/uploads\/2024\/12\/codena.jpg","_links":{"self":[{"href":"https:\/\/agendaparaguay.com\/v2\/wp-json\/wp\/v2\/posts\/69705"}],"collection":[{"href":"https:\/\/agendaparaguay.com\/v2\/wp-json\/wp\/v2\/posts"}],"about":[{"href":"https:\/\/agendaparaguay.com\/v2\/wp-json\/wp\/v2\/types\/post"}],"author":[{"embeddable":true,"href":"https:\/\/agendaparaguay.com\/v2\/wp-json\/wp\/v2\/users\/1"}],"replies":[{"embeddable":true,"href":"https:\/\/agendaparaguay.com\/v2\/wp-json\/wp\/v2\/comments?post=69705"}],"version-history":[{"count":1,"href":"https:\/\/agendaparaguay.com\/v2\/wp-json\/wp\/v2\/posts\/69705\/revisions"}],"predecessor-version":[{"id":69707,"href":"https:\/\/agendaparaguay.com\/v2\/wp-json\/wp\/v2\/posts\/69705\/revisions\/69707"}],"wp:featuredmedia":[{"embeddable":true,"href":"https:\/\/agendaparaguay.com\/v2\/wp-json\/wp\/v2\/media\/69706"}],"wp:attachment":[{"href":"https:\/\/agendaparaguay.com\/v2\/wp-json\/wp\/v2\/media?parent=69705"}],"wp:term":[{"taxonomy":"category","embeddable":true,"href":"https:\/\/agendaparaguay.com\/v2\/wp-json\/wp\/v2\/categories?post=69705"},{"taxonomy":"post_tag","embeddable":true,"href":"https:\/\/agendaparaguay.com\/v2\/wp-json\/wp\/v2\/tags?post=69705"}],"curies":[{"name":"wp","href":"https:\/\/api.w.org\/{rel}","templated":true}]}}