{"id":69708,"date":"2024-12-18T19:59:32","date_gmt":"2024-12-18T22:59:32","guid":{"rendered":"https:\/\/agendaparaguay.com\/v2\/?p=69708"},"modified":"2024-12-19T08:07:47","modified_gmt":"2024-12-19T11:07:47","slug":"diputados-designa-representantes-para-integrar-la-comision-permanente","status":"publish","type":"post","link":"https:\/\/agendaparaguay.com\/v2\/2024\/12\/18\/diputados-designa-representantes-para-integrar-la-comision-permanente\/","title":{"rendered":"Diputados designa representantes para integrar la Comisi\u00f3n Permanente"},"content":{"rendered":"<p style=\"text-align: justify;\">El presidente de Diputados, Ra\u00fal Latorre firm\u00f3 la Resoluci\u00f3n por la que designa a los representantes para integrar la Comisi\u00f3n Permanente del Congreso Nacional, que entrar\u00e1 en funciones durante el receso parlamentario, desde 21 de diciembre 2024 al 1 de marzo 2025.<!--more--><\/p>\n<p style=\"text-align: justify;\">Los miembros titulares son los colorados, Miguel \u00c1ngel Del Puerto, Esteban Samaniego, Benjam\u00edn Cantero, N\u00e9stor Castellano, Alejandro Aguilera, Santiago Ben\u00edtez, Edgar Olmedo y Daniel Centuri\u00f3n<\/p>\n<p style=\"text-align: justify;\">Adem\u00e1s, integran los liberales, Jorge Avalos Mari\u00f1o, Pedro G\u00f3mez y Adri\u00e1n Vaesken. Igualmente, Johanna Ortega de Pa\u00eds Salidario.<\/p>\n<p style=\"text-align: justify;\">Cabe destacar que el Senado est\u00e1 representado por<br \/>\nLilian Graciela Samaniego Gonz\u00e1lez, Juan Carlos Galaverna Ortega, Zenaida Delgado Ben\u00edtez, Patrick Paul Kemper Thiede, Senador Dionisio Oswaldo Amarilla Guirland y Jos\u00e9 Daniel Oviedo Ant\u00fanez.<\/p>\n","protected":false},"excerpt":{"rendered":"<p>El presidente de Diputados, Ra\u00fal Latorre firm\u00f3 la Resoluci\u00f3n por la que designa a los representantes para integrar la Comisi\u00f3n Permanente del Congreso Nacional, que entrar\u00e1 en funciones durante el&hellip; <\/p>\n","protected":false},"author":1,"featured_media":65771,"comment_status":"closed","ping_status":"open","sticky":false,"template":"","format":"standard","meta":{"sfsi_plus_gutenberg_text_before_share":"","sfsi_plus_gutenberg_show_text_before_share":"","sfsi_plus_gutenberg_icon_type":"","sfsi_plus_gutenberg_icon_alignemt":"","sfsi_plus_gutenburg_max_per_row":"","footnotes":"","_jetpack_memberships_contains_paid_content":false,"jetpack_publicize_message":"","jetpack_publicize_feature_enabled":true,"jetpack_social_post_already_shared":true,"jetpack_social_options":{"image_generator_settings":{"template":"highway","enabled":false},"version":2}},"categories":[4],"tags":[],"jetpack_publicize_connections":[],"jetpack_sharing_enabled":true,"jetpack_featured_media_url":"https:\/\/agendaparaguay.com\/v2\/wp-content\/uploads\/2024\/06\/raul_latorre_01.jpg","_links":{"self":[{"href":"https:\/\/agendaparaguay.com\/v2\/wp-json\/wp\/v2\/posts\/69708"}],"collection":[{"href":"https:\/\/agendaparaguay.com\/v2\/wp-json\/wp\/v2\/posts"}],"about":[{"href":"https:\/\/agendaparaguay.com\/v2\/wp-json\/wp\/v2\/types\/post"}],"author":[{"embeddable":true,"href":"https:\/\/agendaparaguay.com\/v2\/wp-json\/wp\/v2\/users\/1"}],"replies":[{"embeddable":true,"href":"https:\/\/agendaparaguay.com\/v2\/wp-json\/wp\/v2\/comments?post=69708"}],"version-history":[{"count":1,"href":"https:\/\/agendaparaguay.com\/v2\/wp-json\/wp\/v2\/posts\/69708\/revisions"}],"predecessor-version":[{"id":69709,"href":"https:\/\/agendaparaguay.com\/v2\/wp-json\/wp\/v2\/posts\/69708\/revisions\/69709"}],"wp:featuredmedia":[{"embeddable":true,"href":"https:\/\/agendaparaguay.com\/v2\/wp-json\/wp\/v2\/media\/65771"}],"wp:attachment":[{"href":"https:\/\/agendaparaguay.com\/v2\/wp-json\/wp\/v2\/media?parent=69708"}],"wp:term":[{"taxonomy":"category","embeddable":true,"href":"https:\/\/agendaparaguay.com\/v2\/wp-json\/wp\/v2\/categories?post=69708"},{"taxonomy":"post_tag","embeddable":true,"href":"https:\/\/agendaparaguay.com\/v2\/wp-json\/wp\/v2\/tags?post=69708"}],"curies":[{"name":"wp","href":"https:\/\/api.w.org\/{rel}","templated":true}]}}