{"id":70153,"date":"2025-01-16T06:52:24","date_gmt":"2025-01-16T09:52:24","guid":{"rendered":"https:\/\/agendaparaguay.com\/v2\/?p=70153"},"modified":"2025-01-16T09:38:14","modified_gmt":"2025-01-16T12:38:14","slug":"joven-integrante-del-grupo-lince-se-quita-la-vida-en-luque","status":"publish","type":"post","link":"https:\/\/agendaparaguay.com\/v2\/2025\/01\/16\/joven-integrante-del-grupo-lince-se-quita-la-vida-en-luque\/","title":{"rendered":"Joven integrante del Grupo Lince se quita la vida en Luque"},"content":{"rendered":"<p style=\"text-align: justify;\">Un agente del Grupo Lince perdi\u00f3 la vida en un aparente caso de autoeliminaci\u00f3n. El joven de 24 a\u00f1os recibi\u00f3 un impacto de bala en la cabeza, mientras se encontraba en compa\u00f1\u00eda de su pareja, con quien viv\u00eda en un inquilinato, en la ciudad de Luque.<!--more--><\/p>\n<p style=\"text-align: justify;\">Ocurri\u00f3 anoche sobre las calles San Patricio y San Mateo, de Isla Bogado, Luque.<\/p>\n<p style=\"text-align: justify;\">La v\u00edctima fatal es el sub oficial ayudante Mauro Gonz\u00e1lez Salgueiro, de 24 a\u00f1os, integrante del Grupo Lince y prestaba servicios en el Departamento Central.-<\/p>\n<p style=\"text-align: justify;\">La intervenci\u00f3n qued\u00f3 a cargo de los agentes de la Comisar\u00eda 46 Central quienes fueron alertados del luctuoso suceso. Fue llevado r\u00e1pidamente hasta el hospital de Calle&#8217;\u00ed, San Lorenzo, pero desafortunadamente se confirm\u00f3 su deceso.<\/p>\n<p style=\"text-align: justify;\">Su pareja es tambi\u00e9n suboficial ayudante recientemente egresada. Se trata de Jeannette Jaquelin Irala Mart\u00ednez, de 20 a\u00f1os.<\/p>\n<p style=\"text-align: justify;\">El comisario Wilfrido Meza explic\u00f3 en di\u00e1logo con Info 5 por la Megacadena de Comunicaci\u00f3n que la Fiscal\u00eda orden\u00f3 la pr\u00e1ctica del Nitrito y Nitrato a la pareja para deslindar responsabilidades y confirmar el presunto suicidio.<\/p>\n","protected":false},"excerpt":{"rendered":"<p>Un agente del Grupo Lince perdi\u00f3 la vida en un aparente caso de autoeliminaci\u00f3n. El joven de 24 a\u00f1os recibi\u00f3 un impacto de bala en la cabeza, mientras se encontraba&hellip; <\/p>\n","protected":false},"author":1,"featured_media":70156,"comment_status":"closed","ping_status":"open","sticky":false,"template":"","format":"standard","meta":{"sfsi_plus_gutenberg_text_before_share":"","sfsi_plus_gutenberg_show_text_before_share":"","sfsi_plus_gutenberg_icon_type":"","sfsi_plus_gutenberg_icon_alignemt":"","sfsi_plus_gutenburg_max_per_row":"","footnotes":"","_jetpack_memberships_contains_paid_content":false,"jetpack_publicize_message":"","jetpack_publicize_feature_enabled":true,"jetpack_social_post_already_shared":true,"jetpack_social_options":{"image_generator_settings":{"template":"highway","enabled":false},"version":2}},"categories":[5],"tags":[],"jetpack_publicize_connections":[],"jetpack_sharing_enabled":true,"jetpack_featured_media_url":"https:\/\/agendaparaguay.com\/v2\/wp-content\/uploads\/2025\/01\/policia_autoelimina.jpg","_links":{"self":[{"href":"https:\/\/agendaparaguay.com\/v2\/wp-json\/wp\/v2\/posts\/70153"}],"collection":[{"href":"https:\/\/agendaparaguay.com\/v2\/wp-json\/wp\/v2\/posts"}],"about":[{"href":"https:\/\/agendaparaguay.com\/v2\/wp-json\/wp\/v2\/types\/post"}],"author":[{"embeddable":true,"href":"https:\/\/agendaparaguay.com\/v2\/wp-json\/wp\/v2\/users\/1"}],"replies":[{"embeddable":true,"href":"https:\/\/agendaparaguay.com\/v2\/wp-json\/wp\/v2\/comments?post=70153"}],"version-history":[{"count":1,"href":"https:\/\/agendaparaguay.com\/v2\/wp-json\/wp\/v2\/posts\/70153\/revisions"}],"predecessor-version":[{"id":70155,"href":"https:\/\/agendaparaguay.com\/v2\/wp-json\/wp\/v2\/posts\/70153\/revisions\/70155"}],"wp:featuredmedia":[{"embeddable":true,"href":"https:\/\/agendaparaguay.com\/v2\/wp-json\/wp\/v2\/media\/70156"}],"wp:attachment":[{"href":"https:\/\/agendaparaguay.com\/v2\/wp-json\/wp\/v2\/media?parent=70153"}],"wp:term":[{"taxonomy":"category","embeddable":true,"href":"https:\/\/agendaparaguay.com\/v2\/wp-json\/wp\/v2\/categories?post=70153"},{"taxonomy":"post_tag","embeddable":true,"href":"https:\/\/agendaparaguay.com\/v2\/wp-json\/wp\/v2\/tags?post=70153"}],"curies":[{"name":"wp","href":"https:\/\/api.w.org\/{rel}","templated":true}]}}