{"id":70207,"date":"2025-01-17T11:02:30","date_gmt":"2025-01-17T14:02:30","guid":{"rendered":"https:\/\/agendaparaguay.com\/v2\/?p=70207"},"modified":"2025-01-17T20:26:22","modified_gmt":"2025-01-17T23:26:22","slug":"nuevo-presunto-feminicidio-en-nemby","status":"publish","type":"post","link":"https:\/\/agendaparaguay.com\/v2\/2025\/01\/17\/nuevo-presunto-feminicidio-en-nemby\/","title":{"rendered":"Nuevo presunto feminicidio en \u00d1emby"},"content":{"rendered":"<p style=\"text-align: justify;\">Un nuevo presunto hecho de feminicidio ocurri\u00f3 este viernes en la zona de Pa\u00ed \u00d1u, \u00d1emby.<!--more--><\/p>\n<p style=\"text-align: justify;\">La v\u00edctima fue identificada como Ana Laura Aguilera, de 26 a\u00f1os, mientras el supuesto autor, Robert Balbuena Barriento (24).<\/p>\n<p style=\"text-align: justify;\">Balbuena ya fue detenido y se encuentra a disposici\u00f3n del Ministerio P\u00fablico.<\/p>\n<p>Los primeros reportes indican que el autor habr\u00eda utilizado un machete para acabar con la vida de la mujer.<\/p>\n","protected":false},"excerpt":{"rendered":"<p>Un nuevo presunto hecho de feminicidio ocurri\u00f3 este viernes en la zona de Pa\u00ed \u00d1u, \u00d1emby.<\/p>\n","protected":false},"author":1,"featured_media":70208,"comment_status":"closed","ping_status":"open","sticky":false,"template":"","format":"standard","meta":{"sfsi_plus_gutenberg_text_before_share":"","sfsi_plus_gutenberg_show_text_before_share":"","sfsi_plus_gutenberg_icon_type":"","sfsi_plus_gutenberg_icon_alignemt":"","sfsi_plus_gutenburg_max_per_row":"","footnotes":"","_jetpack_memberships_contains_paid_content":false,"jetpack_publicize_message":"","jetpack_publicize_feature_enabled":true,"jetpack_social_post_already_shared":true,"jetpack_social_options":{"image_generator_settings":{"template":"highway","enabled":false},"version":2}},"categories":[5],"tags":[],"jetpack_publicize_connections":[],"jetpack_sharing_enabled":true,"jetpack_featured_media_url":"https:\/\/agendaparaguay.com\/v2\/wp-content\/uploads\/2025\/01\/feminicidio.jpg","_links":{"self":[{"href":"https:\/\/agendaparaguay.com\/v2\/wp-json\/wp\/v2\/posts\/70207"}],"collection":[{"href":"https:\/\/agendaparaguay.com\/v2\/wp-json\/wp\/v2\/posts"}],"about":[{"href":"https:\/\/agendaparaguay.com\/v2\/wp-json\/wp\/v2\/types\/post"}],"author":[{"embeddable":true,"href":"https:\/\/agendaparaguay.com\/v2\/wp-json\/wp\/v2\/users\/1"}],"replies":[{"embeddable":true,"href":"https:\/\/agendaparaguay.com\/v2\/wp-json\/wp\/v2\/comments?post=70207"}],"version-history":[{"count":2,"href":"https:\/\/agendaparaguay.com\/v2\/wp-json\/wp\/v2\/posts\/70207\/revisions"}],"predecessor-version":[{"id":70210,"href":"https:\/\/agendaparaguay.com\/v2\/wp-json\/wp\/v2\/posts\/70207\/revisions\/70210"}],"wp:featuredmedia":[{"embeddable":true,"href":"https:\/\/agendaparaguay.com\/v2\/wp-json\/wp\/v2\/media\/70208"}],"wp:attachment":[{"href":"https:\/\/agendaparaguay.com\/v2\/wp-json\/wp\/v2\/media?parent=70207"}],"wp:term":[{"taxonomy":"category","embeddable":true,"href":"https:\/\/agendaparaguay.com\/v2\/wp-json\/wp\/v2\/categories?post=70207"},{"taxonomy":"post_tag","embeddable":true,"href":"https:\/\/agendaparaguay.com\/v2\/wp-json\/wp\/v2\/tags?post=70207"}],"curies":[{"name":"wp","href":"https:\/\/api.w.org\/{rel}","templated":true}]}}