{"id":70383,"date":"2025-01-24T08:34:33","date_gmt":"2025-01-24T11:34:33","guid":{"rendered":"https:\/\/agendaparaguay.com\/v2\/?p=70383"},"modified":"2025-01-24T12:49:15","modified_gmt":"2025-01-24T15:49:15","slug":"presidente-de-la-comision-permanente-no-comparte-dictamen-y-ratifica-invitacion-a-autoridades","status":"publish","type":"post","link":"https:\/\/agendaparaguay.com\/v2\/2025\/01\/24\/presidente-de-la-comision-permanente-no-comparte-dictamen-y-ratifica-invitacion-a-autoridades\/","title":{"rendered":"Presidente de la Comisi\u00f3n Permanente no comparte dictamen y ratifica \u201cinvitaci\u00f3n\u201d a autoridades"},"content":{"rendered":"<p style=\"text-align: justify;\">El presidente de la Comisi\u00f3n Permanente del Congreso, diputado Miguel del Puerto ratific\u00f3 la \u201cinvitaci\u00f3n\u201d a las autoridades vinculadas en la investigaci\u00f3n del caso del asesinato del fiscal Marcelo Pecci y dijo que respeta, pero no comparte el dictamen jur\u00eddico del asesor del Congreso, Dr. Emilio Camacho, sobre las atribuciones de la Comisi\u00f3n Permanente.<!--more--><\/p>\n<p style=\"text-align: justify;\">\u201cRespeto pero no comparto\u201d, respondi\u00f3 tajante Del Puerto quien agreg\u00f3 que la comisi\u00f3n puede establecer su propio reglamento, seg\u00fan los preceptos constitucionales.<\/p>\n<p style=\"text-align: justify;\">El legislador utiliz\u00f3 el t\u00e9rmino \u201cinvitar\u201d y no \u201dconvocar\u201d como se mencion\u00f3 inicialmente. Indic\u00f3 que la informaci\u00f3n que puedan proporcionar no perjudicar\u00e1 a nadie, al contrario, puede aclarar muchas de las dudas existentes en torno al caso del asesinato del exfiscal Marcelo Pecci.<\/p>\n<p>Dijo que el encuentro est\u00e1 previsto para el pr\u00f3ximo martes 28, a las 09:00 horas.<\/p>\n","protected":false},"excerpt":{"rendered":"<p>El presidente de la Comisi\u00f3n Permanente del Congreso, diputado Miguel del Puerto ratific\u00f3 la \u201cinvitaci\u00f3n\u201d a las autoridades vinculadas en la investigaci\u00f3n del caso del asesinato del fiscal Marcelo Pecci&hellip; <\/p>\n","protected":false},"author":1,"featured_media":24289,"comment_status":"closed","ping_status":"open","sticky":false,"template":"","format":"standard","meta":{"sfsi_plus_gutenberg_text_before_share":"","sfsi_plus_gutenberg_show_text_before_share":"","sfsi_plus_gutenberg_icon_type":"","sfsi_plus_gutenberg_icon_alignemt":"","sfsi_plus_gutenburg_max_per_row":"","footnotes":"","_jetpack_memberships_contains_paid_content":false,"jetpack_publicize_message":"","jetpack_publicize_feature_enabled":true,"jetpack_social_post_already_shared":true,"jetpack_social_options":{"image_generator_settings":{"template":"highway","enabled":false},"version":2}},"categories":[4],"tags":[],"jetpack_publicize_connections":[],"jetpack_sharing_enabled":true,"jetpack_featured_media_url":"https:\/\/agendaparaguay.com\/v2\/wp-content\/uploads\/2020\/08\/diputado_miguel_del_puerto.jpeg","_links":{"self":[{"href":"https:\/\/agendaparaguay.com\/v2\/wp-json\/wp\/v2\/posts\/70383"}],"collection":[{"href":"https:\/\/agendaparaguay.com\/v2\/wp-json\/wp\/v2\/posts"}],"about":[{"href":"https:\/\/agendaparaguay.com\/v2\/wp-json\/wp\/v2\/types\/post"}],"author":[{"embeddable":true,"href":"https:\/\/agendaparaguay.com\/v2\/wp-json\/wp\/v2\/users\/1"}],"replies":[{"embeddable":true,"href":"https:\/\/agendaparaguay.com\/v2\/wp-json\/wp\/v2\/comments?post=70383"}],"version-history":[{"count":1,"href":"https:\/\/agendaparaguay.com\/v2\/wp-json\/wp\/v2\/posts\/70383\/revisions"}],"predecessor-version":[{"id":70384,"href":"https:\/\/agendaparaguay.com\/v2\/wp-json\/wp\/v2\/posts\/70383\/revisions\/70384"}],"wp:featuredmedia":[{"embeddable":true,"href":"https:\/\/agendaparaguay.com\/v2\/wp-json\/wp\/v2\/media\/24289"}],"wp:attachment":[{"href":"https:\/\/agendaparaguay.com\/v2\/wp-json\/wp\/v2\/media?parent=70383"}],"wp:term":[{"taxonomy":"category","embeddable":true,"href":"https:\/\/agendaparaguay.com\/v2\/wp-json\/wp\/v2\/categories?post=70383"},{"taxonomy":"post_tag","embeddable":true,"href":"https:\/\/agendaparaguay.com\/v2\/wp-json\/wp\/v2\/tags?post=70383"}],"curies":[{"name":"wp","href":"https:\/\/api.w.org\/{rel}","templated":true}]}}