{"id":70421,"date":"2025-01-27T08:14:40","date_gmt":"2025-01-27T11:14:40","guid":{"rendered":"https:\/\/agendaparaguay.com\/v2\/?p=70421"},"modified":"2025-01-27T08:14:40","modified_gmt":"2025-01-27T11:14:40","slug":"anuncian-tormentas-en-central-y-otros-departamentos","status":"publish","type":"post","link":"https:\/\/agendaparaguay.com\/v2\/2025\/01\/27\/anuncian-tormentas-en-central-y-otros-departamentos\/","title":{"rendered":"Anuncian tormentas en Central y otros Departamentos"},"content":{"rendered":"<p style=\"text-align: justify;\">Anuncian lluvias intensas con tormentas el\u00e9ctricas moderadas a fuertes, r\u00e1fagas de vientos moderadas a fuertes y la probabilidad de ca\u00edda de granizos, para tres Departamentos.<!--more--><\/p>\n<p style=\"text-align: justify;\">El aviso meteorol\u00f3gico advierte que tormentas dispersas siguen desarroll\u00e1ndose sobre la zona de cobertura, por lo que es elevada la probabilidad de fen\u00f3menos de tiempo severo de forma muy puntual, durante la ma\u00f1ana de hoy lunes 27.<\/p>\n<p style=\"text-align: justify;\">La zona de cobertura es el centro, suroeste y norte de la regi\u00f3n Oriental, mientras los Departamentos afectados: centro y oeste de San Pedro, norte de Cordillera, centro y sur de Central, sur y norte de \u00d1eembuc\u00fa.<\/p>\n","protected":false},"excerpt":{"rendered":"<p>Anuncian lluvias intensas con tormentas el\u00e9ctricas moderadas a fuertes, r\u00e1fagas de vientos moderadas a fuertes y la probabilidad de ca\u00edda de granizos, para tres Departamentos.<\/p>\n","protected":false},"author":1,"featured_media":9146,"comment_status":"closed","ping_status":"open","sticky":false,"template":"","format":"standard","meta":{"sfsi_plus_gutenberg_text_before_share":"","sfsi_plus_gutenberg_show_text_before_share":"","sfsi_plus_gutenberg_icon_type":"","sfsi_plus_gutenberg_icon_alignemt":"","sfsi_plus_gutenburg_max_per_row":"","footnotes":"","_jetpack_memberships_contains_paid_content":false,"jetpack_publicize_message":"","jetpack_publicize_feature_enabled":true,"jetpack_social_post_already_shared":true,"jetpack_social_options":{"image_generator_settings":{"template":"highway","enabled":false},"version":2}},"categories":[5],"tags":[],"jetpack_publicize_connections":[],"jetpack_sharing_enabled":true,"jetpack_featured_media_url":"https:\/\/agendaparaguay.com\/v2\/wp-content\/uploads\/2019\/06\/clima_lluvia_dispersas.jpg","_links":{"self":[{"href":"https:\/\/agendaparaguay.com\/v2\/wp-json\/wp\/v2\/posts\/70421"}],"collection":[{"href":"https:\/\/agendaparaguay.com\/v2\/wp-json\/wp\/v2\/posts"}],"about":[{"href":"https:\/\/agendaparaguay.com\/v2\/wp-json\/wp\/v2\/types\/post"}],"author":[{"embeddable":true,"href":"https:\/\/agendaparaguay.com\/v2\/wp-json\/wp\/v2\/users\/1"}],"replies":[{"embeddable":true,"href":"https:\/\/agendaparaguay.com\/v2\/wp-json\/wp\/v2\/comments?post=70421"}],"version-history":[{"count":1,"href":"https:\/\/agendaparaguay.com\/v2\/wp-json\/wp\/v2\/posts\/70421\/revisions"}],"predecessor-version":[{"id":70422,"href":"https:\/\/agendaparaguay.com\/v2\/wp-json\/wp\/v2\/posts\/70421\/revisions\/70422"}],"wp:featuredmedia":[{"embeddable":true,"href":"https:\/\/agendaparaguay.com\/v2\/wp-json\/wp\/v2\/media\/9146"}],"wp:attachment":[{"href":"https:\/\/agendaparaguay.com\/v2\/wp-json\/wp\/v2\/media?parent=70421"}],"wp:term":[{"taxonomy":"category","embeddable":true,"href":"https:\/\/agendaparaguay.com\/v2\/wp-json\/wp\/v2\/categories?post=70421"},{"taxonomy":"post_tag","embeddable":true,"href":"https:\/\/agendaparaguay.com\/v2\/wp-json\/wp\/v2\/tags?post=70421"}],"curies":[{"name":"wp","href":"https:\/\/api.w.org\/{rel}","templated":true}]}}