{"id":70490,"date":"2025-01-29T08:10:16","date_gmt":"2025-01-29T11:10:16","guid":{"rendered":"https:\/\/agendaparaguay.com\/v2\/?p=70490"},"modified":"2025-01-29T12:59:50","modified_gmt":"2025-01-29T15:59:50","slug":"comision-permanente-del-congreso-recibira-a-autoridades-del-mopc","status":"publish","type":"post","link":"https:\/\/agendaparaguay.com\/v2\/2025\/01\/29\/comision-permanente-del-congreso-recibira-a-autoridades-del-mopc\/","title":{"rendered":"Comisi\u00f3n Permanente del Congreso recibir\u00e1 a autoridades del MOPC"},"content":{"rendered":"<p style=\"text-align: justify;\">En una sesi\u00f3n extraordinaria fijada para este mi\u00e9rcoles 29, la Comisi\u00f3n Permanente del Congreso, presidida por el diputado Miguel Del Puerto, recibir\u00e1 a las principales autoridades del Ministerio de Obras P\u00fablicas y Comunicaciones (MOPC), a fin de considerar como \u00fanico punto del orden del d\u00eda, el incremento en las tarifas del peaje.<\/p>\n<p style=\"text-align: justify;\">Se espera la presencia de la ministra Claudia Centuri\u00f3n, el director de la Direcci\u00f3n de Finanzas y el equipo t\u00e9cnico correspondiente.<\/p>\n<p style=\"text-align: justify;\">El diputado Miguel Del Puerto, expres\u00f3 que es oportuna la presencia de los representantes del ministerio ante el pleno de la Comisi\u00f3n, a fin de dar respuestas a algunos cuestionamientos que tienen sus colegas legisladores.<\/p>\n<p style=\"text-align: justify;\">\u201cCon esta convocatoria buscamos que las autoridades del MOPC brinden informaci\u00f3n sobre la recaudaci\u00f3n y el incremento en las tarifas de peajes, temas que han generado gran preocupaci\u00f3n en la ciudadan\u00eda en los \u00faltimos d\u00edas\u201d, declar\u00f3 el legislador.<\/p>\n<p>La sesi\u00f3n extraordinaria se llevar\u00e1 a cabo al t\u00e9rmino de la sesi\u00f3n ordinaria de la Comisi\u00f3n Permanente del Congreso.<\/p>\n","protected":false},"excerpt":{"rendered":"<p>En una sesi\u00f3n extraordinaria fijada para este mi\u00e9rcoles 29, la Comisi\u00f3n Permanente del Congreso, presidida por el diputado Miguel Del Puerto, recibir\u00e1 a las principales autoridades del Ministerio de Obras&hellip; <\/p>\n","protected":false},"author":1,"featured_media":70146,"comment_status":"closed","ping_status":"open","sticky":false,"template":"","format":"standard","meta":{"sfsi_plus_gutenberg_text_before_share":"","sfsi_plus_gutenberg_show_text_before_share":"","sfsi_plus_gutenberg_icon_type":"","sfsi_plus_gutenberg_icon_alignemt":"","sfsi_plus_gutenburg_max_per_row":"","footnotes":"","_jetpack_memberships_contains_paid_content":false,"jetpack_publicize_message":"","jetpack_publicize_feature_enabled":true,"jetpack_social_post_already_shared":true,"jetpack_social_options":{"image_generator_settings":{"template":"highway","enabled":false},"version":2}},"categories":[4],"tags":[],"jetpack_publicize_connections":[],"jetpack_sharing_enabled":true,"jetpack_featured_media_url":"https:\/\/agendaparaguay.com\/v2\/wp-content\/uploads\/2025\/01\/comision_permanente_2025.jpg","_links":{"self":[{"href":"https:\/\/agendaparaguay.com\/v2\/wp-json\/wp\/v2\/posts\/70490"}],"collection":[{"href":"https:\/\/agendaparaguay.com\/v2\/wp-json\/wp\/v2\/posts"}],"about":[{"href":"https:\/\/agendaparaguay.com\/v2\/wp-json\/wp\/v2\/types\/post"}],"author":[{"embeddable":true,"href":"https:\/\/agendaparaguay.com\/v2\/wp-json\/wp\/v2\/users\/1"}],"replies":[{"embeddable":true,"href":"https:\/\/agendaparaguay.com\/v2\/wp-json\/wp\/v2\/comments?post=70490"}],"version-history":[{"count":1,"href":"https:\/\/agendaparaguay.com\/v2\/wp-json\/wp\/v2\/posts\/70490\/revisions"}],"predecessor-version":[{"id":70491,"href":"https:\/\/agendaparaguay.com\/v2\/wp-json\/wp\/v2\/posts\/70490\/revisions\/70491"}],"wp:featuredmedia":[{"embeddable":true,"href":"https:\/\/agendaparaguay.com\/v2\/wp-json\/wp\/v2\/media\/70146"}],"wp:attachment":[{"href":"https:\/\/agendaparaguay.com\/v2\/wp-json\/wp\/v2\/media?parent=70490"}],"wp:term":[{"taxonomy":"category","embeddable":true,"href":"https:\/\/agendaparaguay.com\/v2\/wp-json\/wp\/v2\/categories?post=70490"},{"taxonomy":"post_tag","embeddable":true,"href":"https:\/\/agendaparaguay.com\/v2\/wp-json\/wp\/v2\/tags?post=70490"}],"curies":[{"name":"wp","href":"https:\/\/api.w.org\/{rel}","templated":true}]}}