{"id":70565,"date":"2025-01-31T20:07:48","date_gmt":"2025-01-31T23:07:48","guid":{"rendered":"https:\/\/agendaparaguay.com\/v2\/?p=70565"},"modified":"2025-01-31T20:07:48","modified_gmt":"2025-01-31T23:07:48","slug":"buscan-adecuar-planta-de-tratamiento-para-el-gran-hospital-del-oviedo","status":"publish","type":"post","link":"https:\/\/agendaparaguay.com\/v2\/2025\/01\/31\/buscan-adecuar-planta-de-tratamiento-para-el-gran-hospital-del-oviedo\/","title":{"rendered":"Buscan adecuar planta de tratamiento para el gran Hospital del Oviedo"},"content":{"rendered":"<p style=\"text-align: justify;\">En el marco de las adecuaciones necesarias en la infraestructura de la planta de tratamiento de ESSSAP, en Coronel Oviedo, atendiendo la construcci\u00f3n del Gran Hospital, el presidente en ejercicio Pedro Alliana mantuvo una reuni\u00f3n con la ministra de Salud, Mar\u00eda Teresa Bar\u00e1n; del MOPC, Claudia Centuri\u00f3n; del MADES, Rolando De Barros, as\u00ed como el titular de la Comisi\u00f3n Permanente, Miguel Del Puerto; de la ESSAP, Luis Bernal, el Gobernador Departamental, Marcelo Sotto, entre otros.<!--more--><\/p>\n<p style=\"text-align: justify;\">Del Puerto indic\u00f3 que el objetivo principal del encuentro fue impulsar las adecuaciones necesarias en materia de infraestructura f\u00edsica de la planta de tratamiento de ESSAP en Coronel Oviedo.<\/p>\n<p style=\"text-align: justify;\">Indic\u00f3 que esto permitir\u00e1 que la disposici\u00f3n final del l\u00edquido tratado por la moderna Planta de Tratamiento de Aguas Residuales (PTAR) del Gran Hospital, sea dispuesto en la planta de tratamiento de ESSAP, ubicada en la zona Pindoty, seg\u00fan dijo.<\/p>\n<p style=\"text-align: justify;\">\u201cCon esto se da respuesta a una preocupaci\u00f3n de la poblaci\u00f3n sobre el destino de los efluentes tratados en la planta de tratamiento que incluye la nueva infraestructura sanitaria\u201d, subray\u00f3 Del Puerto.<\/p>\n<p style=\"text-align: justify;\">El Gran Hospital de Coronel Oviedo cuenta con una planta de tratamiento de \u00faltima generaci\u00f3n, equipada con tecnolog\u00eda avanzada para un adecuado procesamiento de sus aguas residuales. La alternativa inicialmente propuesta, que contemplaba el vertido en el r\u00edo Tebicuary, era t\u00e9cnicamente v\u00e1lida y ambientalmente sostenible, seg\u00fan inform\u00f3 el legislador.<\/p>\n<p style=\"text-align: justify;\">\u201cSin embargo, ante la preocupaci\u00f3n de la ciudadan\u00eda, el Gobierno decidi\u00f3 reforzar la soluci\u00f3n trasladando los efluentes a la planta de tratamiento de ESSAP, una soluci\u00f3n sumamente pertinente que hoy todos celebramos\u201d, manifest\u00f3.<\/p>\n<p style=\"text-align: justify;\">Para concretar esta medida, se construir\u00e1n 6.000 metros de colectores y una estaci\u00f3n de bombeo, conectando el hospital a la red de alcantarillado de la ciudad, seg\u00fan datos provenientes de Essap.<\/p>\n","protected":false},"excerpt":{"rendered":"<p>En el marco de las adecuaciones necesarias en la infraestructura de la planta de tratamiento de ESSSAP, en Coronel Oviedo, atendiendo la construcci\u00f3n del Gran Hospital, el presidente en ejercicio&hellip; <\/p>\n","protected":false},"author":1,"featured_media":70566,"comment_status":"closed","ping_status":"open","sticky":false,"template":"","format":"standard","meta":{"sfsi_plus_gutenberg_text_before_share":"","sfsi_plus_gutenberg_show_text_before_share":"","sfsi_plus_gutenberg_icon_type":"","sfsi_plus_gutenberg_icon_alignemt":"","sfsi_plus_gutenburg_max_per_row":"","footnotes":"","_jetpack_memberships_contains_paid_content":false,"jetpack_publicize_message":"","jetpack_publicize_feature_enabled":true,"jetpack_social_post_already_shared":true,"jetpack_social_options":{"image_generator_settings":{"template":"highway","enabled":false},"version":2}},"categories":[2],"tags":[],"jetpack_publicize_connections":[],"jetpack_sharing_enabled":true,"jetpack_featured_media_url":"https:\/\/agendaparaguay.com\/v2\/wp-content\/uploads\/2025\/01\/alliana_del_puerto.jpg","_links":{"self":[{"href":"https:\/\/agendaparaguay.com\/v2\/wp-json\/wp\/v2\/posts\/70565"}],"collection":[{"href":"https:\/\/agendaparaguay.com\/v2\/wp-json\/wp\/v2\/posts"}],"about":[{"href":"https:\/\/agendaparaguay.com\/v2\/wp-json\/wp\/v2\/types\/post"}],"author":[{"embeddable":true,"href":"https:\/\/agendaparaguay.com\/v2\/wp-json\/wp\/v2\/users\/1"}],"replies":[{"embeddable":true,"href":"https:\/\/agendaparaguay.com\/v2\/wp-json\/wp\/v2\/comments?post=70565"}],"version-history":[{"count":1,"href":"https:\/\/agendaparaguay.com\/v2\/wp-json\/wp\/v2\/posts\/70565\/revisions"}],"predecessor-version":[{"id":70567,"href":"https:\/\/agendaparaguay.com\/v2\/wp-json\/wp\/v2\/posts\/70565\/revisions\/70567"}],"wp:featuredmedia":[{"embeddable":true,"href":"https:\/\/agendaparaguay.com\/v2\/wp-json\/wp\/v2\/media\/70566"}],"wp:attachment":[{"href":"https:\/\/agendaparaguay.com\/v2\/wp-json\/wp\/v2\/media?parent=70565"}],"wp:term":[{"taxonomy":"category","embeddable":true,"href":"https:\/\/agendaparaguay.com\/v2\/wp-json\/wp\/v2\/categories?post=70565"},{"taxonomy":"post_tag","embeddable":true,"href":"https:\/\/agendaparaguay.com\/v2\/wp-json\/wp\/v2\/tags?post=70565"}],"curies":[{"name":"wp","href":"https:\/\/api.w.org\/{rel}","templated":true}]}}