{"id":70841,"date":"2025-02-13T07:45:21","date_gmt":"2025-02-13T10:45:21","guid":{"rendered":"https:\/\/agendaparaguay.com\/v2\/?p=70841"},"modified":"2025-02-13T09:06:43","modified_gmt":"2025-02-13T12:06:43","slug":"alertan-sobre-brotes-de-dengue-en-la-region","status":"publish","type":"post","link":"https:\/\/agendaparaguay.com\/v2\/2025\/02\/13\/alertan-sobre-brotes-de-dengue-en-la-region\/","title":{"rendered":"Alertan sobre brotes de dengue en la regi\u00f3n"},"content":{"rendered":"<p style=\"text-align: justify;\">El Ministerio de Salud P\u00fablica informa que la Organizaci\u00f3n Panamericana de la Salud insta a prepararse para un posible aumento de casos y garantizar el diagn\u00f3stico temprano y la atenci\u00f3n oportuna. Refiere que actualmente en Paraguay, circulan los serotipos DENV-1 y DENV-2; sin embargo, el riesgo de introducci\u00f3n del DENV-3 est\u00e1 latente.<!--more--><\/p>\n<p style=\"text-align: justify;\">Debido a la creciente circulaci\u00f3n del serotipo DENV-3 en pa\u00edses de la Regi\u00f3n de las Am\u00e9ricas, la Organizaci\u00f3n Panamericana de la Salud\/Organizaci\u00f3n Mundial de la Salud emiti\u00f3 una reciente alerta epidemiol\u00f3gica sobre el riesgo de brotes de dengue y.otros arbovirus, a efectos de prevenir casos graves y defunciones asociadas.<\/p>\n<p style=\"text-align: justify;\">Este escenario expone que la reaparici\u00f3n de un serotipo, como el DENV-3, luego de una ausencia prolongada en pa\u00edses de la regi\u00f3n \u2013 como el caso de Paraguay \u2013, incrementa la poblaci\u00f3n susceptible a este serotipo, la probabilidad de casos graves de dengue y las probabilidades de ocasionar epidemias que sobrecarguen los servicios de salud, superando la capacidad de respuesta.<\/p>\n<p style=\"text-align: justify;\">Datos de la Organizaci\u00f3n se\u00f1alan que en lo que va de este a\u00f1o, entre la semana epidemiol\u00f3gica (SE) 1 y la SE 4 de 2025, 23 pa\u00edses y territorios de la regi\u00f3n han notificado 238.659 casos sospechosos de dengue.<\/p>\n<p style=\"text-align: justify;\">El 98 % de las notificaciones se concentran en: Brasil con 194.564 casos (87 %), Colombia con 12.740 casos (5,6 %), Nicaragua con 5.702 casos (2,5 %), Per\u00fa con 5.735 casos (2,5 %) y M\u00e9xico con 5.649 casos (2,5 %).<\/p>\n<p style=\"text-align: justify;\">Del total de notificaciones, 57.899 (24 %) fueron casos confirmados por laboratorio, de los cuales 263 fueron casos de dengue grave y 23 casos fatales.<\/p>\n<p style=\"text-align: justify;\">En Brasil, Costa Rica, El Salvador, M\u00e9xico y Panam\u00e1 reportan circulaci\u00f3n simult\u00e1nea de los cuatro serotipos (DENV-1, DENV-2, DENV-3 y DENV-4).<\/p>\n<p style=\"text-align: justify;\">La OPS\/OMS advierte que el riesgo de circulaci\u00f3n de DENV-3 en las Am\u00e9ricas es alto debido a la amplia distribuci\u00f3n de los mosquitos vectores, la movilidad humana y la inmunidad parcial (y en muchas \u00e1reas ausente) en la poblaci\u00f3n, por lo que resalta la urgente necesidad de implementar estrategias integradas y efectivas para controlar la propagaci\u00f3n del virus. Fuente: IP<\/p>\n","protected":false},"excerpt":{"rendered":"<p>El Ministerio de Salud P\u00fablica informa que la Organizaci\u00f3n Panamericana de la Salud insta a prepararse para un posible aumento de casos y garantizar el diagn\u00f3stico temprano y la atenci\u00f3n&hellip; <\/p>\n","protected":false},"author":1,"featured_media":16665,"comment_status":"closed","ping_status":"open","sticky":false,"template":"","format":"standard","meta":{"sfsi_plus_gutenberg_text_before_share":"","sfsi_plus_gutenberg_show_text_before_share":"","sfsi_plus_gutenberg_icon_type":"","sfsi_plus_gutenberg_icon_alignemt":"","sfsi_plus_gutenburg_max_per_row":"","footnotes":"","_jetpack_memberships_contains_paid_content":false,"jetpack_publicize_message":"","jetpack_publicize_feature_enabled":true,"jetpack_social_post_already_shared":true,"jetpack_social_options":{"image_generator_settings":{"template":"highway","enabled":false},"version":2}},"categories":[5],"tags":[],"jetpack_publicize_connections":[],"jetpack_sharing_enabled":true,"jetpack_featured_media_url":"https:\/\/agendaparaguay.com\/v2\/wp-content\/uploads\/2020\/01\/dengue_fumigacion.jpg","_links":{"self":[{"href":"https:\/\/agendaparaguay.com\/v2\/wp-json\/wp\/v2\/posts\/70841"}],"collection":[{"href":"https:\/\/agendaparaguay.com\/v2\/wp-json\/wp\/v2\/posts"}],"about":[{"href":"https:\/\/agendaparaguay.com\/v2\/wp-json\/wp\/v2\/types\/post"}],"author":[{"embeddable":true,"href":"https:\/\/agendaparaguay.com\/v2\/wp-json\/wp\/v2\/users\/1"}],"replies":[{"embeddable":true,"href":"https:\/\/agendaparaguay.com\/v2\/wp-json\/wp\/v2\/comments?post=70841"}],"version-history":[{"count":1,"href":"https:\/\/agendaparaguay.com\/v2\/wp-json\/wp\/v2\/posts\/70841\/revisions"}],"predecessor-version":[{"id":70842,"href":"https:\/\/agendaparaguay.com\/v2\/wp-json\/wp\/v2\/posts\/70841\/revisions\/70842"}],"wp:featuredmedia":[{"embeddable":true,"href":"https:\/\/agendaparaguay.com\/v2\/wp-json\/wp\/v2\/media\/16665"}],"wp:attachment":[{"href":"https:\/\/agendaparaguay.com\/v2\/wp-json\/wp\/v2\/media?parent=70841"}],"wp:term":[{"taxonomy":"category","embeddable":true,"href":"https:\/\/agendaparaguay.com\/v2\/wp-json\/wp\/v2\/categories?post=70841"},{"taxonomy":"post_tag","embeddable":true,"href":"https:\/\/agendaparaguay.com\/v2\/wp-json\/wp\/v2\/tags?post=70841"}],"curies":[{"name":"wp","href":"https:\/\/api.w.org\/{rel}","templated":true}]}}