{"id":70888,"date":"2025-02-16T21:59:42","date_gmt":"2025-02-17T00:59:42","guid":{"rendered":"https:\/\/agendaparaguay.com\/v2\/?p=70888"},"modified":"2025-02-17T06:38:43","modified_gmt":"2025-02-17T09:38:43","slug":"detienen-a-hija-de-alejandro-ramos-acusada-del-secuestro-de-felix-urbieta","status":"publish","type":"post","link":"https:\/\/agendaparaguay.com\/v2\/2025\/02\/16\/detienen-a-hija-de-alejandro-ramos-acusada-del-secuestro-de-felix-urbieta\/","title":{"rendered":"Detienen a hija de Alejandro Ramos acusada del secuestro de F\u00e9lix Urbieta"},"content":{"rendered":"<p style=\"text-align: justify;\">Su detenci\u00f3n se concret\u00f3 cerca de las 21:30 del s\u00e1bado 15 y se trata de Lourdes Teresita Ramos Ram\u00edrez, hija de Alejandro Ramos fundador del \u00abEj\u00e9rcito del Mariscal L\u00f3pez\u00bb y acusada de participar del secuestro de F\u00e9lix Urbieta en octubre de 2016.<!--more--><\/p>\n<p style=\"text-align: justify;\">Lourdes Teresita fue aprehendida por efectivos de la Fuerza de Tarea Conjunta (FTC) en Salinas Cu\u00e9, distrito de Horqueta. Los efectivos se encontraron con dos mujeres que llevaban mochilas que no respondieron a la orden de alto. Una escap\u00f3 por detr\u00e1s de una casa de madera y abri\u00f3 fuego contra los militares, quienes no respondieron por ubicarse en la l\u00ednea de fuego la vivienda. Posteriormente fue hasta un camino vecinal.<\/p>\n<p style=\"text-align: justify;\">De acuerdo a la informaci\u00f3n prove\u00edda por la detenida, la persona que huy\u00f3 es su madre Lourdes Ram\u00edrez, la \u00fanica integrante vigente del \u00abEj\u00e9rcito del Mariscal L\u00f3pez\u00bb. El grupo criminal fue una escisi\u00f3n del autodenominado Ej\u00e9rcito del Pueblo Paraguayo tras una disputa entre Alejandro Ramos y los dem\u00e1s l\u00edderes. Ramos form\u00f3 el EML que consiste de un clan familiar y realiz\u00f3 el secuestro del ganadero F\u00e9lix Urbieta en octubre de 2016.<\/p>\n<p style=\"text-align: justify;\">El fiscal interviniente en el operativo, Pablo Z\u00e1rate, afirm\u00f3 en conferencia de prensa este domingo que Lourdes Teresita Ramos Ram\u00edrez ser\u00e1 imputada por el secuestro de Urbieta y se solicitar\u00e1 prisi\u00f3n preventiva.<\/p>\n<p style=\"text-align: justify;\">Los efectivos se\u00f1alaron que se trata de un alto valor estrat\u00e9gico que fue detenido con vida. En su poder se encontr\u00f3 un arma 9mm y un tel\u00e9fono celular. Lourdes Teresita y su madre Lourdes ser\u00edan las \u00fanicas integrantes con vida del EML. Alejandro Ramos (h) fue abatido por la FTC y se cuenta con sospechas de que Alejandro Ramos padre falleci\u00f3 producto de sus heridas luego de un enfrentamiento en julio de 2018, detall\u00f3 el comandante del Batall\u00f3n de Inteligencia Militar, Carlos Casco. Fuente: IP<\/p>\n","protected":false},"excerpt":{"rendered":"<p>Su detenci\u00f3n se concret\u00f3 cerca de las 21:30 del s\u00e1bado 15 y se trata de Lourdes Teresita Ramos Ram\u00edrez, hija de Alejandro Ramos fundador del \u00abEj\u00e9rcito del Mariscal L\u00f3pez\u00bb y&hellip; <\/p>\n","protected":false},"author":1,"featured_media":70889,"comment_status":"closed","ping_status":"open","sticky":false,"template":"","format":"standard","meta":{"sfsi_plus_gutenberg_text_before_share":"","sfsi_plus_gutenberg_show_text_before_share":"","sfsi_plus_gutenberg_icon_type":"","sfsi_plus_gutenberg_icon_alignemt":"","sfsi_plus_gutenburg_max_per_row":"","footnotes":"","_jetpack_memberships_contains_paid_content":false,"jetpack_publicize_message":"","jetpack_publicize_feature_enabled":true,"jetpack_social_post_already_shared":true,"jetpack_social_options":{"image_generator_settings":{"template":"highway","enabled":false},"version":2}},"categories":[5],"tags":[],"jetpack_publicize_connections":[],"jetpack_sharing_enabled":true,"jetpack_featured_media_url":"https:\/\/agendaparaguay.com\/v2\/wp-content\/uploads\/2025\/02\/eml_teresita_ramos.jpg","_links":{"self":[{"href":"https:\/\/agendaparaguay.com\/v2\/wp-json\/wp\/v2\/posts\/70888"}],"collection":[{"href":"https:\/\/agendaparaguay.com\/v2\/wp-json\/wp\/v2\/posts"}],"about":[{"href":"https:\/\/agendaparaguay.com\/v2\/wp-json\/wp\/v2\/types\/post"}],"author":[{"embeddable":true,"href":"https:\/\/agendaparaguay.com\/v2\/wp-json\/wp\/v2\/users\/1"}],"replies":[{"embeddable":true,"href":"https:\/\/agendaparaguay.com\/v2\/wp-json\/wp\/v2\/comments?post=70888"}],"version-history":[{"count":1,"href":"https:\/\/agendaparaguay.com\/v2\/wp-json\/wp\/v2\/posts\/70888\/revisions"}],"predecessor-version":[{"id":70890,"href":"https:\/\/agendaparaguay.com\/v2\/wp-json\/wp\/v2\/posts\/70888\/revisions\/70890"}],"wp:featuredmedia":[{"embeddable":true,"href":"https:\/\/agendaparaguay.com\/v2\/wp-json\/wp\/v2\/media\/70889"}],"wp:attachment":[{"href":"https:\/\/agendaparaguay.com\/v2\/wp-json\/wp\/v2\/media?parent=70888"}],"wp:term":[{"taxonomy":"category","embeddable":true,"href":"https:\/\/agendaparaguay.com\/v2\/wp-json\/wp\/v2\/categories?post=70888"},{"taxonomy":"post_tag","embeddable":true,"href":"https:\/\/agendaparaguay.com\/v2\/wp-json\/wp\/v2\/tags?post=70888"}],"curies":[{"name":"wp","href":"https:\/\/api.w.org\/{rel}","templated":true}]}}