{"id":70901,"date":"2025-02-17T11:14:15","date_gmt":"2025-02-17T14:14:15","guid":{"rendered":"https:\/\/agendaparaguay.com\/v2\/?p=70901"},"modified":"2025-02-17T14:46:40","modified_gmt":"2025-02-17T17:46:40","slug":"roberto-gonzalez-en-la-reunion-solo-faltaba-lalo-gomes","status":"publish","type":"post","link":"https:\/\/agendaparaguay.com\/v2\/2025\/02\/17\/roberto-gonzalez-en-la-reunion-solo-faltaba-lalo-gomes\/","title":{"rendered":"Roberto Gonz\u00e1lez: \u00abEn la reuni\u00f3n solo faltaba Lalo Gomes\u00bb"},"content":{"rendered":"<p style=\"text-align: justify;\">\u00abM\u00e1s que reuniones protocolares, para la simple exposici\u00f3n medi\u00e1tica, precisamos con urgencia acciones contundentes contra la corrupci\u00f3n y la influencia del crimen organizado en los tres poderes del Estado\u00bb, se\u00f1al\u00f3 el diputado colorado Roberto Gonz\u00e1lez al hacer referencia a la Cumbre de poderes que se celebra en estos momentos en el Palacio de L\u00f3pez.<!--more--><\/p>\n<p style=\"text-align: justify;\">\u00abSi realmente son tan torpes para minimizar la situaci\u00f3n que estamos experimentando, deber\u00eda asesorarse por expertos en crisis, y si lo hacen a prop\u00f3sito solo nos resta pensar que son c\u00f3mplices, de manera directa e indirecta de las barbaridades que se est\u00e1n denunciando\u00bb, agreg\u00f3 el legislador.<\/p>\n<p style=\"text-align: justify;\">Gonz\u00e1lez indic\u00f3 que la imagen que estamos proyectando a nivel internacional es lamentable porque frustra cualquier expectativa de inversiones en nuestro pa\u00eds que es uno de los caballitos de batalla de este gobierno a trav\u00e9s de que llamaron la diplomacia presidencial.<\/p>\n<p style=\"text-align: justify;\">\u00abLo m\u00e1s tr\u00e1gico es que quienes tienen la responsabilidad legal y la obligaci\u00f3n moral de combatir este flagelo est\u00e1n tomando a la ligera, le dan un tratamiento light a este esc\u00e1ndalo monumental que surgi\u00f3 a partir de los mensajes encontrados en el celular del fallecido Eulalio \u201cLalo\u201d Gomes\u00bb, destac\u00f3 el legislador.<\/p>\n<p style=\"text-align: justify;\">Resalt\u00f3 que ante esta nueva coyuntura, se impone \u00abcortar cabezas\u00bb de manera ejemplar para que tratar de aminorar este flagelo de mil cabezas que est\u00e1 contaminando peligrosamente las instituciones y poniendo en riesgo nuestras vidas.<\/p>\n<p style=\"text-align: justify;\">\u00abParece, repito, que las autoridades no est\u00e1n dimensiones la gravedad del problema. Por eso les dan su respaldo a funcionarios que no pueden seguir un minuto m\u00e1s en sus cargos\u00bb, acot\u00f3.<\/p>\n<p style=\"text-align: justify;\">\u00abExiste una famosa an\u00e9cdota que se hizo popular despu\u00e9s del golpe del 2 y 3 de febrero de 1989, cuando el general Andr\u00e9s Rodr\u00edguez present\u00f3 a su gabinete y dem\u00e1s colaboradores. Alguien dijo: En esa foto solo falta el general Stroessner. Algo similar vivimos esta ma\u00f1ana. En la reuni\u00f3n solo faltaba Lalo Gomes\u00bb, sentenci\u00f3.<\/p>\n","protected":false},"excerpt":{"rendered":"<p>\u00abM\u00e1s que reuniones protocolares, para la simple exposici\u00f3n medi\u00e1tica, precisamos con urgencia acciones contundentes contra la corrupci\u00f3n y la influencia del crimen organizado en los tres poderes del Estado\u00bb, se\u00f1al\u00f3&hellip; <\/p>\n","protected":false},"author":1,"featured_media":44230,"comment_status":"closed","ping_status":"open","sticky":false,"template":"","format":"standard","meta":{"sfsi_plus_gutenberg_text_before_share":"","sfsi_plus_gutenberg_show_text_before_share":"","sfsi_plus_gutenberg_icon_type":"","sfsi_plus_gutenberg_icon_alignemt":"","sfsi_plus_gutenburg_max_per_row":"","footnotes":"","_jetpack_memberships_contains_paid_content":false,"jetpack_publicize_message":"","jetpack_publicize_feature_enabled":true,"jetpack_social_post_already_shared":true,"jetpack_social_options":{"image_generator_settings":{"template":"highway","enabled":false},"version":2}},"categories":[2],"tags":[],"jetpack_publicize_connections":[],"jetpack_sharing_enabled":true,"jetpack_featured_media_url":"https:\/\/agendaparaguay.com\/v2\/wp-content\/uploads\/2022\/05\/Dip._Roberto_Gonzalez.jpg","_links":{"self":[{"href":"https:\/\/agendaparaguay.com\/v2\/wp-json\/wp\/v2\/posts\/70901"}],"collection":[{"href":"https:\/\/agendaparaguay.com\/v2\/wp-json\/wp\/v2\/posts"}],"about":[{"href":"https:\/\/agendaparaguay.com\/v2\/wp-json\/wp\/v2\/types\/post"}],"author":[{"embeddable":true,"href":"https:\/\/agendaparaguay.com\/v2\/wp-json\/wp\/v2\/users\/1"}],"replies":[{"embeddable":true,"href":"https:\/\/agendaparaguay.com\/v2\/wp-json\/wp\/v2\/comments?post=70901"}],"version-history":[{"count":1,"href":"https:\/\/agendaparaguay.com\/v2\/wp-json\/wp\/v2\/posts\/70901\/revisions"}],"predecessor-version":[{"id":70902,"href":"https:\/\/agendaparaguay.com\/v2\/wp-json\/wp\/v2\/posts\/70901\/revisions\/70902"}],"wp:featuredmedia":[{"embeddable":true,"href":"https:\/\/agendaparaguay.com\/v2\/wp-json\/wp\/v2\/media\/44230"}],"wp:attachment":[{"href":"https:\/\/agendaparaguay.com\/v2\/wp-json\/wp\/v2\/media?parent=70901"}],"wp:term":[{"taxonomy":"category","embeddable":true,"href":"https:\/\/agendaparaguay.com\/v2\/wp-json\/wp\/v2\/categories?post=70901"},{"taxonomy":"post_tag","embeddable":true,"href":"https:\/\/agendaparaguay.com\/v2\/wp-json\/wp\/v2\/tags?post=70901"}],"curies":[{"name":"wp","href":"https:\/\/api.w.org\/{rel}","templated":true}]}}