{"id":70936,"date":"2025-02-18T18:08:46","date_gmt":"2025-02-18T21:08:46","guid":{"rendered":"https:\/\/agendaparaguay.com\/v2\/?p=70936"},"modified":"2025-02-18T18:08:46","modified_gmt":"2025-02-18T21:08:46","slug":"unidos-por-el-progreso-familias-de-ybycui-logran-construir-camino-transitable","status":"publish","type":"post","link":"https:\/\/agendaparaguay.com\/v2\/2025\/02\/18\/unidos-por-el-progreso-familias-de-ybycui-logran-construir-camino-transitable\/","title":{"rendered":"Unidos por el progreso: familias de Ybycu\u2019i logran construir camino transitable"},"content":{"rendered":"<p style=\"text-align: justify;\">Con m\u00e1s de 70 familias beneficiadas, la comunidad de Limpio, en la ciudad de Ybycu\u2019i, inaugur\u00f3 los primeros 200 metros de empedrado de su camino principal. Este logro fue posible gracias a la metodolog\u00eda del Sem\u00e1foro de Eliminaci\u00f3n de Pobreza, que permiti\u00f3 a las familias identificar sus necesidades y trabajar en conjunto para resolverlas.<!--more--><\/p>\n<p style=\"text-align: justify;\">La comunidad de Carb\u00f3n Cu\u00e9, perteneciente a Limpio, enfrentaba dificultades constantes para transitar en d\u00edas de lluvia, lo que limitaba el acceso a servicios b\u00e1sicos y afectaba su calidad de vida. A trav\u00e9s del Sem\u00e1foro de Eliminaci\u00f3n de Pobreza, las familias identificaron el problema y decidieron unirse para gestionar los permisos y construir el empedrado, asegurando as\u00ed un camino transitable en todo momento.<\/p>\n<p style=\"text-align: justify;\">El proyecto cont\u00f3 con el acompa\u00f1amiento de la Fundaci\u00f3n Paraguaya y la empresa Forestal Sylvis. Luis Fernando Sanabria, gerente general de Fundaci\u00f3n Paraguaya, destac\u00f3: \u201cEsta es una evidencia m\u00e1s de que cada comunidad tiene dentro de s\u00ed lo necesario para salir adelante. Nuestro rol es inspirar, motivar y dar oportunidades. Aqu\u00ed nos demostraron que s\u00ed se pueden resolver los indicadores en rojo del Sem\u00e1foro y mejorar la calidad de vida\u201d.<\/p>\n<p style=\"text-align: justify;\">Por su parte, Ra\u00fal Gauto, presidente de Forestal Sylvis, resalt\u00f3: \u201cNos gusta mucho la metodolog\u00eda del Sem\u00e1foro porque mide el cambio en la forma de vivir de las personas. A Forestal Sylvis nos interesa que en 10 a\u00f1os, adem\u00e1s de cosechar \u00e1rboles y generar ingresos, la comunidad se haya desarrollado significativamente\u201d, dijo.<\/p>\n<p style=\"text-align: justify;\">Este primer tramo de empedrado representa un avance significativo para la comunidad, pero el trabajo no termina aqu\u00ed. Las familias seguir\u00e1n organiz\u00e1ndose con el objetivo de completar los 5 kil\u00f3metros de camino necesarios para transformar el indicador \u00abCamino transitable todo el tiempo\u00bb de rojo a verde. Con este esp\u00edritu de unidad y esfuerzo colectivo, la comunidad de Limpio sigue avanzando hacia un futuro mejor.<\/p>\n<p style=\"text-align: justify;\">M\u00e1s sobre el Sem\u00e1foro<br \/>\nEl Sem\u00e1foro de Eliminaci\u00f3n de Pobreza desglosa el concepto de pobreza en dimensiones e indicadores. Cada indicador utiliza los colores convencionales de un sem\u00e1foro para indicar diferentes niveles: pobreza extrema o no lo tengo (rojo), pobreza o a veces lo tengo (amarillo) y sin pobreza o lo tengo (verde). Utilizando la aplicaci\u00f3n m\u00f3vil o la plataforma web, las familias o los encuestados realizan su autoevaluaci\u00f3n. Este proceso permite que ellos mismos diagnostiquen su propio nivel para cada indicador, reflexionando sobre su situaci\u00f3n y haciendo visible las manifestaciones invisibles de pobreza. El objetivo final es la eliminaci\u00f3n de la pobreza multidimensional.<\/p>\n","protected":false},"excerpt":{"rendered":"<p>Con m\u00e1s de 70 familias beneficiadas, la comunidad de Limpio, en la ciudad de Ybycu\u2019i, inaugur\u00f3 los primeros 200 metros de empedrado de su camino principal. Este logro fue posible&hellip; <\/p>\n","protected":false},"author":1,"featured_media":70937,"comment_status":"closed","ping_status":"open","sticky":false,"template":"","format":"standard","meta":{"sfsi_plus_gutenberg_text_before_share":"","sfsi_plus_gutenberg_show_text_before_share":"","sfsi_plus_gutenberg_icon_type":"","sfsi_plus_gutenberg_icon_alignemt":"","sfsi_plus_gutenburg_max_per_row":"","footnotes":"","_jetpack_memberships_contains_paid_content":false,"jetpack_publicize_message":"","jetpack_publicize_feature_enabled":true,"jetpack_social_post_already_shared":true,"jetpack_social_options":{"image_generator_settings":{"template":"highway","enabled":false},"version":2}},"categories":[5],"tags":[],"jetpack_publicize_connections":[],"jetpack_sharing_enabled":true,"jetpack_featured_media_url":"https:\/\/agendaparaguay.com\/v2\/wp-content\/uploads\/2025\/02\/fundacion_pya_empedrado.jpg","_links":{"self":[{"href":"https:\/\/agendaparaguay.com\/v2\/wp-json\/wp\/v2\/posts\/70936"}],"collection":[{"href":"https:\/\/agendaparaguay.com\/v2\/wp-json\/wp\/v2\/posts"}],"about":[{"href":"https:\/\/agendaparaguay.com\/v2\/wp-json\/wp\/v2\/types\/post"}],"author":[{"embeddable":true,"href":"https:\/\/agendaparaguay.com\/v2\/wp-json\/wp\/v2\/users\/1"}],"replies":[{"embeddable":true,"href":"https:\/\/agendaparaguay.com\/v2\/wp-json\/wp\/v2\/comments?post=70936"}],"version-history":[{"count":1,"href":"https:\/\/agendaparaguay.com\/v2\/wp-json\/wp\/v2\/posts\/70936\/revisions"}],"predecessor-version":[{"id":70938,"href":"https:\/\/agendaparaguay.com\/v2\/wp-json\/wp\/v2\/posts\/70936\/revisions\/70938"}],"wp:featuredmedia":[{"embeddable":true,"href":"https:\/\/agendaparaguay.com\/v2\/wp-json\/wp\/v2\/media\/70937"}],"wp:attachment":[{"href":"https:\/\/agendaparaguay.com\/v2\/wp-json\/wp\/v2\/media?parent=70936"}],"wp:term":[{"taxonomy":"category","embeddable":true,"href":"https:\/\/agendaparaguay.com\/v2\/wp-json\/wp\/v2\/categories?post=70936"},{"taxonomy":"post_tag","embeddable":true,"href":"https:\/\/agendaparaguay.com\/v2\/wp-json\/wp\/v2\/tags?post=70936"}],"curies":[{"name":"wp","href":"https:\/\/api.w.org\/{rel}","templated":true}]}}