{"id":71036,"date":"2025-02-23T14:29:46","date_gmt":"2025-02-23T17:29:46","guid":{"rendered":"https:\/\/agendaparaguay.com\/v2\/?p=71036"},"modified":"2025-02-23T20:11:58","modified_gmt":"2025-02-23T23:11:58","slug":"imputan-a-mujer-que-habria-matado-a-su-hijo-a-quien-prendio-fuego","status":"publish","type":"post","link":"https:\/\/agendaparaguay.com\/v2\/2025\/02\/23\/imputan-a-mujer-que-habria-matado-a-su-hijo-a-quien-prendio-fuego\/","title":{"rendered":"Imputan a mujer que habr\u00eda matado a su hijo a quien prendi\u00f3 fuego"},"content":{"rendered":"<p style=\"text-align: justify;\">El agente fiscal Augusto Jes\u00fas Ledesma Blasser, titular de la Unidad Penal n.\u00ba 9 de la Fiscal\u00eda Zonal de Luque, formul\u00f3 imputaci\u00f3n contra Blanca Ysabel Ag\u00fcero de Vera (38), por la presunta comisi\u00f3n del hecho punible de homicidio doloso, en perjuicio de su hijo Brahian Javier Serna Ag\u00fcero.<!--more--><\/p>\n<p style=\"text-align: justify;\">De acuerdo con la investigaci\u00f3n, el 20 de febrero de 2025, aproximadamente a las 22:00 horas, en el asentamiento San Valent\u00edn de Aregu\u00e1, se habr\u00eda desatado una discusi\u00f3n entre la imputada y su hijo debido, presuntamente, al consumo de estupefacientes por parte del joven. Durante la disputa, Ag\u00fcero de Vera le habr\u00eda arrojado un l\u00edquido inflamable y, a ra\u00edz de ello, se gener\u00f3 una combusti\u00f3n que caus\u00f3 graves quemaduras en el rostro, extremidades y torso del joven.<\/p>\n<p style=\"text-align: justify;\">Seg\u00fan los elementos colectados, tras el incidente, la v\u00edctima solicit\u00f3 asistencia m\u00e9dica a su madre, pero esta hizo caso omiso por varios minutos. Finalmente, ante la insistencia de su hijo, lo traslad\u00f3 al Hospital General de Luque, desde donde fue derivado al Hospital del Quemado en Asunci\u00f3n. Horas despu\u00e9s, se constat\u00f3 su deceso a causa de las quemaduras sufridas.<\/p>\n<p style=\"text-align: justify;\">Elementos de la investigaci\u00f3n<\/p>\n<p style=\"text-align: justify;\">La imputaci\u00f3n se fundamenta en diversas diligencias realizadas en la causa, entre ellas, actas de procedimiento policial, declaraciones testificales y documentos remitidos por la Comisar\u00eda n.\u00ba 6 de Villa Salvador, Aregu\u00e1.<\/p>\n<p style=\"text-align: justify;\">El Ministerio P\u00fablico ha solicitado al Juzgado Penal de Garant\u00edas la aplicaci\u00f3n de la medida cautelar de prisi\u00f3n preventiva, atendiendo la gravedad del hecho y el riesgo de obstrucci\u00f3n del proceso.<\/p>\n","protected":false},"excerpt":{"rendered":"<p>El agente fiscal Augusto Jes\u00fas Ledesma Blasser, titular de la Unidad Penal n.\u00ba 9 de la Fiscal\u00eda Zonal de Luque, formul\u00f3 imputaci\u00f3n contra Blanca Ysabel Ag\u00fcero de Vera (38), por&hellip; <\/p>\n","protected":false},"author":1,"featured_media":4386,"comment_status":"closed","ping_status":"open","sticky":false,"template":"","format":"standard","meta":{"sfsi_plus_gutenberg_text_before_share":"","sfsi_plus_gutenberg_show_text_before_share":"","sfsi_plus_gutenberg_icon_type":"","sfsi_plus_gutenberg_icon_alignemt":"","sfsi_plus_gutenburg_max_per_row":"","footnotes":"","_jetpack_memberships_contains_paid_content":false,"jetpack_publicize_message":"","jetpack_publicize_feature_enabled":true,"jetpack_social_post_already_shared":true,"jetpack_social_options":{"image_generator_settings":{"template":"highway","enabled":false},"version":2}},"categories":[5],"tags":[],"jetpack_publicize_connections":[],"jetpack_sharing_enabled":true,"jetpack_featured_media_url":"https:\/\/agendaparaguay.com\/v2\/wp-content\/uploads\/2019\/02\/ministerio_publico_01.jpg","_links":{"self":[{"href":"https:\/\/agendaparaguay.com\/v2\/wp-json\/wp\/v2\/posts\/71036"}],"collection":[{"href":"https:\/\/agendaparaguay.com\/v2\/wp-json\/wp\/v2\/posts"}],"about":[{"href":"https:\/\/agendaparaguay.com\/v2\/wp-json\/wp\/v2\/types\/post"}],"author":[{"embeddable":true,"href":"https:\/\/agendaparaguay.com\/v2\/wp-json\/wp\/v2\/users\/1"}],"replies":[{"embeddable":true,"href":"https:\/\/agendaparaguay.com\/v2\/wp-json\/wp\/v2\/comments?post=71036"}],"version-history":[{"count":3,"href":"https:\/\/agendaparaguay.com\/v2\/wp-json\/wp\/v2\/posts\/71036\/revisions"}],"predecessor-version":[{"id":71039,"href":"https:\/\/agendaparaguay.com\/v2\/wp-json\/wp\/v2\/posts\/71036\/revisions\/71039"}],"wp:featuredmedia":[{"embeddable":true,"href":"https:\/\/agendaparaguay.com\/v2\/wp-json\/wp\/v2\/media\/4386"}],"wp:attachment":[{"href":"https:\/\/agendaparaguay.com\/v2\/wp-json\/wp\/v2\/media?parent=71036"}],"wp:term":[{"taxonomy":"category","embeddable":true,"href":"https:\/\/agendaparaguay.com\/v2\/wp-json\/wp\/v2\/categories?post=71036"},{"taxonomy":"post_tag","embeddable":true,"href":"https:\/\/agendaparaguay.com\/v2\/wp-json\/wp\/v2\/tags?post=71036"}],"curies":[{"name":"wp","href":"https:\/\/api.w.org\/{rel}","templated":true}]}}