{"id":71109,"date":"2025-02-25T20:07:27","date_gmt":"2025-02-25T23:07:27","guid":{"rendered":"https:\/\/agendaparaguay.com\/v2\/?p=71109"},"modified":"2025-02-25T20:07:27","modified_gmt":"2025-02-25T23:07:27","slug":"continua-busqueda-de-indicios-en-caso-de-secuestro-de-felix-urbieta","status":"publish","type":"post","link":"https:\/\/agendaparaguay.com\/v2\/2025\/02\/25\/continua-busqueda-de-indicios-en-caso-de-secuestro-de-felix-urbieta\/","title":{"rendered":"Contin\u00faa b\u00fasqueda de indicios en caso de secuestro de F\u00e9lix Urbieta"},"content":{"rendered":"<p style=\"text-align: justify;\">Este martes, la comitiva fiscal a cargo del agente especializado en antisecuestro Pablo Zarate y los organismos de seguridad, continua con la b\u00fasqueda de indicios en la zona de la estancia \u00abLaguna\u00bb, en el distrito de Horqueta, departamento de Concepci\u00f3n. Participan tambi\u00e9n del procedimiento, la fiscal adjunta Matilde Moreno y el director de Medicina Legal Forense, Dr. Pablo Lemir. Es en el marco del secuestro de F\u00e9lix Urbieta, ocurrido el 12 de octubre del 2016.<!--more--><\/p>\n<p style=\"text-align: justify;\">La diligencia de rastrillaje y limpieza del \u00e1rea ya se hab\u00eda efectuado, y adem\u00e1s se delimit\u00f3 la zona con el fin de verificar y encontrar indicios que podr\u00edan acercar al paradero de la v\u00edctima.<\/p>\n<p style=\"text-align: justify;\">El procedimiento se ejecuta en coordinaci\u00f3n con el Comando de Operaciones de Defensa Interna (CODI), la Fuerza de Tarea Conjunta (FTC), y el Batall\u00f3n de Inteligencia Militar (BIMI), con apoyo del Departamento de Antisecuestro de la Polic\u00eda Nacional.<\/p>\n","protected":false},"excerpt":{"rendered":"<p>Este martes, la comitiva fiscal a cargo del agente especializado en antisecuestro Pablo Zarate y los organismos de seguridad, continua con la b\u00fasqueda de indicios en la zona de la&hellip; <\/p>\n","protected":false},"author":1,"featured_media":35063,"comment_status":"closed","ping_status":"open","sticky":false,"template":"","format":"standard","meta":{"sfsi_plus_gutenberg_text_before_share":"","sfsi_plus_gutenberg_show_text_before_share":"","sfsi_plus_gutenberg_icon_type":"","sfsi_plus_gutenberg_icon_alignemt":"","sfsi_plus_gutenburg_max_per_row":"","footnotes":"","_jetpack_memberships_contains_paid_content":false,"jetpack_publicize_message":"","jetpack_publicize_feature_enabled":true,"jetpack_social_post_already_shared":true,"jetpack_social_options":{"image_generator_settings":{"template":"highway","enabled":false},"version":2}},"categories":[5],"tags":[],"jetpack_publicize_connections":[],"jetpack_sharing_enabled":true,"jetpack_featured_media_url":"https:\/\/agendaparaguay.com\/v2\/wp-content\/uploads\/2021\/08\/felix_urbieta.jpg","_links":{"self":[{"href":"https:\/\/agendaparaguay.com\/v2\/wp-json\/wp\/v2\/posts\/71109"}],"collection":[{"href":"https:\/\/agendaparaguay.com\/v2\/wp-json\/wp\/v2\/posts"}],"about":[{"href":"https:\/\/agendaparaguay.com\/v2\/wp-json\/wp\/v2\/types\/post"}],"author":[{"embeddable":true,"href":"https:\/\/agendaparaguay.com\/v2\/wp-json\/wp\/v2\/users\/1"}],"replies":[{"embeddable":true,"href":"https:\/\/agendaparaguay.com\/v2\/wp-json\/wp\/v2\/comments?post=71109"}],"version-history":[{"count":1,"href":"https:\/\/agendaparaguay.com\/v2\/wp-json\/wp\/v2\/posts\/71109\/revisions"}],"predecessor-version":[{"id":71110,"href":"https:\/\/agendaparaguay.com\/v2\/wp-json\/wp\/v2\/posts\/71109\/revisions\/71110"}],"wp:featuredmedia":[{"embeddable":true,"href":"https:\/\/agendaparaguay.com\/v2\/wp-json\/wp\/v2\/media\/35063"}],"wp:attachment":[{"href":"https:\/\/agendaparaguay.com\/v2\/wp-json\/wp\/v2\/media?parent=71109"}],"wp:term":[{"taxonomy":"category","embeddable":true,"href":"https:\/\/agendaparaguay.com\/v2\/wp-json\/wp\/v2\/categories?post=71109"},{"taxonomy":"post_tag","embeddable":true,"href":"https:\/\/agendaparaguay.com\/v2\/wp-json\/wp\/v2\/tags?post=71109"}],"curies":[{"name":"wp","href":"https:\/\/api.w.org\/{rel}","templated":true}]}}