{"id":71855,"date":"2025-03-28T16:03:58","date_gmt":"2025-03-28T19:03:58","guid":{"rendered":"https:\/\/agendaparaguay.com\/v2\/?p=71855"},"modified":"2025-03-29T14:06:03","modified_gmt":"2025-03-29T17:06:03","slug":"manifestantes-fueron-arreados-por-opositores-dice-bachi","status":"publish","type":"post","link":"https:\/\/agendaparaguay.com\/v2\/2025\/03\/28\/manifestantes-fueron-arreados-por-opositores-dice-bachi\/","title":{"rendered":"Manifestantes fueron arreados por opositores, dice Bachi"},"content":{"rendered":"<p style=\"text-align: justify;\">El presidente del Congreso, Basilio \u201cBachi\u201d N\u00fa\u00f1ez afirm\u00f3 que en la marcha de opositores, los manifestantes fueron arreados. Adem\u00e1s refiri\u00f3 que la convocatoria fue menor de lo que se esperaba.<!--more--><\/p>\n<p style=\"text-align: justify;\">El titular del Senado, Basilio N\u00fa\u00f1ez minimiz\u00f3 la marcha \u201cUnidos por Paraguay\u201d convocada por partidos politicos de la oposici\u00f3n. Se\u00f1al\u00f3 que los que encabezaron la movilizaci\u00f3n como el gobernador de Central, Ricardo Estigarribia, el intendente de Ciudad del Este, Miguel Prieto y jefes comunales liberales arrearon a sus funcionarios para la movilizaci\u00f3n.<\/p>\n<p style=\"text-align: justify;\">\u201cPara empezar la marcha organizada por un sector de los partidos politicos fue una marcha de los que perdieron las elecciones anteriormente y veo que hubo un arreo. \u00bfQuienes arrearon? Miguel Prieto, el gobernador de Central, intendente de Villa Elisa, el intendente de Fernando de la Mora. Todos los municipios liberales\u201d<\/p>\n<p style=\"text-align: justify;\">N\u00fa\u00f1ez minimiz\u00f3 la convocatoria y dijo que los que encabezaron la manifestaci\u00f3n teniendo m\u00e1s de 15 mil funcionarios en sus municipios, trajeron poca gente.<\/p>\n<p style=\"text-align: justify;\">\u201cTodos esos que tienen m\u00e1s de 15.000 funcionarios, pudieron traer solamente a reventar 3.000 ayudados por los sectores campesinos que son los que verdaderamente hicieron una marcha de reclamo\u201d manifest\u00f3.<\/p>\n<p style=\"text-align: justify;\">El oficialista cuestion\u00f3 la serie de reclamos de la oposici\u00f3n al gobierno actual y que no hayan denunciado las irregularidades del gobierno de Mario Abdo Benitez.<\/p>\n<p style=\"text-align: justify;\">\u201cEl avi\u00f3n chino hicieron, es lo minimo, el unico caso de denuncia. Como diputado yo me pase denunciando al gobierno de Mario Abdo Benitez. Fui el que desde mi banca hice la denuncia. Nosotros siempre hemos denunciado y hasta hemos iniciado el proceso de juicio politico\u201d declar\u00f3<\/p>\n","protected":false},"excerpt":{"rendered":"<p>El presidente del Congreso, Basilio \u201cBachi\u201d N\u00fa\u00f1ez afirm\u00f3 que en la marcha de opositores, los manifestantes fueron arreados. Adem\u00e1s refiri\u00f3 que la convocatoria fue menor de lo que se esperaba.<\/p>\n","protected":false},"author":1,"featured_media":71856,"comment_status":"closed","ping_status":"open","sticky":false,"template":"","format":"standard","meta":{"sfsi_plus_gutenberg_text_before_share":"","sfsi_plus_gutenberg_show_text_before_share":"","sfsi_plus_gutenberg_icon_type":"","sfsi_plus_gutenberg_icon_alignemt":"","sfsi_plus_gutenburg_max_per_row":"","footnotes":"","_jetpack_memberships_contains_paid_content":false,"jetpack_publicize_message":"","jetpack_publicize_feature_enabled":true,"jetpack_social_post_already_shared":true,"jetpack_social_options":{"image_generator_settings":{"template":"highway","enabled":false},"version":2}},"categories":[2],"tags":[],"jetpack_publicize_connections":[],"jetpack_sharing_enabled":true,"jetpack_featured_media_url":"https:\/\/agendaparaguay.com\/v2\/wp-content\/uploads\/2025\/03\/plra_manifestacion.jpg","_links":{"self":[{"href":"https:\/\/agendaparaguay.com\/v2\/wp-json\/wp\/v2\/posts\/71855"}],"collection":[{"href":"https:\/\/agendaparaguay.com\/v2\/wp-json\/wp\/v2\/posts"}],"about":[{"href":"https:\/\/agendaparaguay.com\/v2\/wp-json\/wp\/v2\/types\/post"}],"author":[{"embeddable":true,"href":"https:\/\/agendaparaguay.com\/v2\/wp-json\/wp\/v2\/users\/1"}],"replies":[{"embeddable":true,"href":"https:\/\/agendaparaguay.com\/v2\/wp-json\/wp\/v2\/comments?post=71855"}],"version-history":[{"count":1,"href":"https:\/\/agendaparaguay.com\/v2\/wp-json\/wp\/v2\/posts\/71855\/revisions"}],"predecessor-version":[{"id":71857,"href":"https:\/\/agendaparaguay.com\/v2\/wp-json\/wp\/v2\/posts\/71855\/revisions\/71857"}],"wp:featuredmedia":[{"embeddable":true,"href":"https:\/\/agendaparaguay.com\/v2\/wp-json\/wp\/v2\/media\/71856"}],"wp:attachment":[{"href":"https:\/\/agendaparaguay.com\/v2\/wp-json\/wp\/v2\/media?parent=71855"}],"wp:term":[{"taxonomy":"category","embeddable":true,"href":"https:\/\/agendaparaguay.com\/v2\/wp-json\/wp\/v2\/categories?post=71855"},{"taxonomy":"post_tag","embeddable":true,"href":"https:\/\/agendaparaguay.com\/v2\/wp-json\/wp\/v2\/tags?post=71855"}],"curies":[{"name":"wp","href":"https:\/\/api.w.org\/{rel}","templated":true}]}}