{"id":71863,"date":"2025-03-28T19:52:32","date_gmt":"2025-03-28T22:52:32","guid":{"rendered":"https:\/\/agendaparaguay.com\/v2\/?p=71863"},"modified":"2025-03-29T14:06:16","modified_gmt":"2025-03-29T17:06:16","slug":"lilian-se-reune-presidenta-de-palmeiras-y-afirma-nunca-hemos-sido-un-pais-racista","status":"publish","type":"post","link":"https:\/\/agendaparaguay.com\/v2\/2025\/03\/28\/lilian-se-reune-presidenta-de-palmeiras-y-afirma-nunca-hemos-sido-un-pais-racista\/","title":{"rendered":"Lilian se re\u00fane presidenta de Palmeiras y afirma: \u00abNunca hemos sido un pa\u00eds racista\u00bb"},"content":{"rendered":"<p style=\"text-align: justify;\">La senadora paraguaya Lilian Samaniego se reuni\u00f3 con Leila Pereira, presidenta del club Palmeiras de Brasil, a quien llev\u00f3 \u00abun mensaje conjunto a favor del respeto, la inclusi\u00f3n y la convivencia pac\u00edfica en el deporte\u00bb, seg\u00fan inform\u00f3 la legisladora desde el vecino pa\u00eds. El encuentro se da en el marco de un \u00abgesto de hermandad deportiva y diplomacia institucional\u00bb, agreg\u00f3.<!--more--><\/p>\n<p style=\"text-align: justify;\">\u201cEl fanatismo deportivo es diversi\u00f3n, pasi\u00f3n, y nunca violencia. La discriminaci\u00f3n no es un juego, ni un deporte\u201d, expres\u00f3 con firmeza la senadora. \u201cEl deporte une a las personas. El deporte no es violencia\u201d, resalt\u00f3.<\/p>\n<p style=\"text-align: justify;\">Durante el encuentro, Samaniego manifest\u00f3 su deseo de que \u201cla familia cerrista pueda viajar a Brasil, y que la hinchada del Palmeiras sea recibida con los brazos abiertos en Paraguay\u201d.<\/p>\n<p style=\"text-align: justify;\">\u201cEstoy aqu\u00ed para expresar mi respeto y poner el foco en lo que debe ser un encuentro deportivo: una fiesta. Jam\u00e1s hemos sido un pa\u00eds racista y nunca lo seremos\u201d, destac\u00f3.<\/p>\n<p style=\"text-align: justify;\">Por su parte, Leila Pereira asegur\u00f3 que da todas las garant\u00edas para que la hinchada de Cerro Porte\u00f1o pueda venir al partido del pr\u00f3ximo 9 de abril, destacando su compromiso con un ambiente seguro y festivo. Adem\u00e1s, manifest\u00f3 que comparte plenamente la visi\u00f3n de la senadora Lilian Samaniego: el deporte debe ser una fiesta.<\/p>\n<p style=\"text-align: justify;\">Refiri\u00e9ndose a declaraciones desafortunadas que circularon recientemente, Samaniego fue categ\u00f3rica: \u201cLas expresiones de un hincha o de un dirigente no representan lo que somos. Paraguay es un pueblo pac\u00edfico y respetuoso. Ciertas expresiones no reflejan el sentir de nuestra gente\u201d, destac\u00f3.<\/p>\n<p style=\"text-align: justify;\">Samaniego indic\u00f3 que ambas coincidieron en que el racismo debe ser combatido en todas sus formas. \u201cEl racismo no es un chiste de mal gusto ni un error. Es una expresi\u00f3n que ha causado mucho da\u00f1o a lo largo de la historia. Es violencia, no una diferencia deportiva\u201d, afirm\u00f3 Samaniego.<\/p>\n<p style=\"text-align: justify;\">La senadora tambi\u00e9n destac\u00f3 que Brasil tiene un compromiso firme con la erradicaci\u00f3n del racismo, e inst\u00f3 a Paraguay a acompa\u00f1ar ese camino con igual determinaci\u00f3n: \u201cSomos pueblos hermanos que queremos disfrutar del deporte. El fanatismo no es racismo\u201d, se\u00f1al\u00f3.<\/p>\n<p style=\"text-align: justify;\">Finalmente, subray\u00f3 el papel transformador del liderazgo femenino en momentos de tensi\u00f3n: \u201cA veces las mujeres estamos m\u00e1s preparadas para el di\u00e1logo, y yo siempre he sido una persona que construye puentes, no que los derriba\u201d.<\/p>\n<p>\u201cLa familia cerrista es una gran familia y esperamos a toda la hinchada del Palmeiras para vivir juntos una verdadera fiesta del f\u00fatbol\u201d, concluy\u00f3<\/p>\n","protected":false},"excerpt":{"rendered":"<p>La senadora paraguaya Lilian Samaniego se reuni\u00f3 con Leila Pereira, presidenta del club Palmeiras de Brasil, a quien llev\u00f3 \u00abun mensaje conjunto a favor del respeto, la inclusi\u00f3n y la&hellip; <\/p>\n","protected":false},"author":1,"featured_media":71864,"comment_status":"closed","ping_status":"open","sticky":false,"template":"","format":"standard","meta":{"sfsi_plus_gutenberg_text_before_share":"","sfsi_plus_gutenberg_show_text_before_share":"","sfsi_plus_gutenberg_icon_type":"","sfsi_plus_gutenberg_icon_alignemt":"","sfsi_plus_gutenburg_max_per_row":"","footnotes":"","_jetpack_memberships_contains_paid_content":false,"jetpack_publicize_message":"","jetpack_publicize_feature_enabled":true,"jetpack_social_post_already_shared":true,"jetpack_social_options":{"image_generator_settings":{"template":"highway","enabled":false},"version":2}},"categories":[2],"tags":[],"jetpack_publicize_connections":[],"jetpack_sharing_enabled":true,"jetpack_featured_media_url":"https:\/\/agendaparaguay.com\/v2\/wp-content\/uploads\/2025\/03\/lilian_palmeiras.jpg","_links":{"self":[{"href":"https:\/\/agendaparaguay.com\/v2\/wp-json\/wp\/v2\/posts\/71863"}],"collection":[{"href":"https:\/\/agendaparaguay.com\/v2\/wp-json\/wp\/v2\/posts"}],"about":[{"href":"https:\/\/agendaparaguay.com\/v2\/wp-json\/wp\/v2\/types\/post"}],"author":[{"embeddable":true,"href":"https:\/\/agendaparaguay.com\/v2\/wp-json\/wp\/v2\/users\/1"}],"replies":[{"embeddable":true,"href":"https:\/\/agendaparaguay.com\/v2\/wp-json\/wp\/v2\/comments?post=71863"}],"version-history":[{"count":2,"href":"https:\/\/agendaparaguay.com\/v2\/wp-json\/wp\/v2\/posts\/71863\/revisions"}],"predecessor-version":[{"id":71873,"href":"https:\/\/agendaparaguay.com\/v2\/wp-json\/wp\/v2\/posts\/71863\/revisions\/71873"}],"wp:featuredmedia":[{"embeddable":true,"href":"https:\/\/agendaparaguay.com\/v2\/wp-json\/wp\/v2\/media\/71864"}],"wp:attachment":[{"href":"https:\/\/agendaparaguay.com\/v2\/wp-json\/wp\/v2\/media?parent=71863"}],"wp:term":[{"taxonomy":"category","embeddable":true,"href":"https:\/\/agendaparaguay.com\/v2\/wp-json\/wp\/v2\/categories?post=71863"},{"taxonomy":"post_tag","embeddable":true,"href":"https:\/\/agendaparaguay.com\/v2\/wp-json\/wp\/v2\/tags?post=71863"}],"curies":[{"name":"wp","href":"https:\/\/api.w.org\/{rel}","templated":true}]}}