{"id":72290,"date":"2025-04-15T19:09:57","date_gmt":"2025-04-15T22:09:57","guid":{"rendered":"https:\/\/agendaparaguay.com\/v2\/?p=72290"},"modified":"2025-04-15T19:09:57","modified_gmt":"2025-04-15T22:09:57","slug":"neembucu-cuenta-con-varios-atractivos-turisticos-para-semana-santa","status":"publish","type":"post","link":"https:\/\/agendaparaguay.com\/v2\/2025\/04\/15\/neembucu-cuenta-con-varios-atractivos-turisticos-para-semana-santa\/","title":{"rendered":"\u00d1eembuc\u00fa cuenta con varios atractivos tur\u00edsticos para Semana Santa"},"content":{"rendered":"<p style=\"text-align: justify;\">La Gobernaci\u00f3n de \u00d1eembuc\u00fa cuenta con una agenda muy cargada para Semana Santa, principalmente en su capital, en la Ciudad de Pilar, confirm\u00f3 Ver\u00f3nica Salinas, directora de Turismo.<!--more--><\/p>\n<p style=\"text-align: justify;\">Cit\u00f3 entre otros eventos, el tradicional torneo de Pesca, que este a\u00f1o lo organiza Copa Puku.<br \/>\n\u00abDesde el mi\u00e9rcoles estaremos teniendo recepci\u00f3n de visitantes, el jueves tenemos la pesca de playa juvenil, dama, por la categor\u00eda piky de ni\u00f1os, que culmina con una premiaci\u00f3n. El viernes tenemos una pesca enmarcada, hasta el s\u00e1bado al medio d\u00eda, donde se hace la premiaci\u00f3n, el almuerzo y la despedida de las delegaciones\u201d, expres\u00f3 Salinas.<\/p>\n<p style=\"text-align: justify;\">Agreg\u00f3 que tendr\u00e1n como atractivo, un torneo de p\u00e1del, muy importante en la Ciudad de Pilar.<\/p>\n<p style=\"text-align: justify;\">En tanto que, en el municipio de Cerrito, contar\u00e1n con exhibici\u00f3n de escultura en arena, la realizaci\u00f3n de la escultura en vivo, tambi\u00e9n tienen habilitado la isla Pombero, la Isla Guaz\u00fa, para paseos en lancha o acampar, tienen pensado hacer una feria gastron\u00f3mica el d\u00eda viernes.<\/p>\n<p style=\"text-align: justify;\">En cuanto a actividades como bicitour, canotaje, lo que ser\u00eda Pesca a nivel general todos los distritos estar\u00edan potenciando desde Villa Oliva hasta Cerrito.<\/p>\n<p style=\"text-align: justify;\">Tenemos a San Juan \u00d1eembuc\u00fa con su laguna macaco. Actividades nuevas en Humait\u00e1 como la fiesta Patria, turismo hist\u00f3rico, la parte museolog\u00eda., entre otros, resalt\u00f3.<\/p>\n<p style=\"text-align: justify;\">En cuanto a las oficinas de Turista Roga atender\u00e1n en horario normal con trabajos en campa\u00f1as de alojamientos alternativos ante el colapso del sector hotelero.<\/p>\n<p style=\"text-align: justify;\">Mencion\u00f3 que est\u00e1n trabajando con todas las instituciones (hoteles, restaurantes, hospitales, farmacias, tiendas comerciales, los lugares hist\u00f3ricos) para que sea una buena experiencia visitar \u00d1eembuc\u00fa .<\/p>\n<p style=\"text-align: justify;\">Toda la agenda ser\u00e1 enviada a Senatur donde ellos est\u00e1n publicando y haciendo de manera correspondiente para que no solamente vengan de otros departamentos, sino tambi\u00e9n a nivel internacional, remarc\u00f3.<\/p>\n<p style=\"text-align: justify;\">\u201c\u00d1eembuc\u00fa ofrece un turismo muy completo, podr\u00e1n encontrar deporte, historia, cultura, playas paradisiacas, mucha calma, naturaleza sobre todo la seguridad y la cordialidad que ofrece a sus visitantes\u201d, concluy\u00f3.<\/p>\n","protected":false},"excerpt":{"rendered":"<p>La Gobernaci\u00f3n de \u00d1eembuc\u00fa cuenta con una agenda muy cargada para Semana Santa, principalmente en su capital, en la Ciudad de Pilar, confirm\u00f3 Ver\u00f3nica Salinas, directora de Turismo.<\/p>\n","protected":false},"author":1,"featured_media":72293,"comment_status":"closed","ping_status":"open","sticky":false,"template":"","format":"standard","meta":{"sfsi_plus_gutenberg_text_before_share":"","sfsi_plus_gutenberg_show_text_before_share":"","sfsi_plus_gutenberg_icon_type":"","sfsi_plus_gutenberg_icon_alignemt":"","sfsi_plus_gutenburg_max_per_row":"","footnotes":"","_jetpack_memberships_contains_paid_content":false,"jetpack_publicize_message":"","jetpack_publicize_feature_enabled":true,"jetpack_social_post_already_shared":true,"jetpack_social_options":{"image_generator_settings":{"template":"highway","enabled":false},"version":2}},"categories":[5],"tags":[],"jetpack_publicize_connections":[],"jetpack_sharing_enabled":true,"jetpack_featured_media_url":"https:\/\/agendaparaguay.com\/v2\/wp-content\/uploads\/2025\/04\/neembucu_gobernacion-1.jpg","_links":{"self":[{"href":"https:\/\/agendaparaguay.com\/v2\/wp-json\/wp\/v2\/posts\/72290"}],"collection":[{"href":"https:\/\/agendaparaguay.com\/v2\/wp-json\/wp\/v2\/posts"}],"about":[{"href":"https:\/\/agendaparaguay.com\/v2\/wp-json\/wp\/v2\/types\/post"}],"author":[{"embeddable":true,"href":"https:\/\/agendaparaguay.com\/v2\/wp-json\/wp\/v2\/users\/1"}],"replies":[{"embeddable":true,"href":"https:\/\/agendaparaguay.com\/v2\/wp-json\/wp\/v2\/comments?post=72290"}],"version-history":[{"count":1,"href":"https:\/\/agendaparaguay.com\/v2\/wp-json\/wp\/v2\/posts\/72290\/revisions"}],"predecessor-version":[{"id":72292,"href":"https:\/\/agendaparaguay.com\/v2\/wp-json\/wp\/v2\/posts\/72290\/revisions\/72292"}],"wp:featuredmedia":[{"embeddable":true,"href":"https:\/\/agendaparaguay.com\/v2\/wp-json\/wp\/v2\/media\/72293"}],"wp:attachment":[{"href":"https:\/\/agendaparaguay.com\/v2\/wp-json\/wp\/v2\/media?parent=72290"}],"wp:term":[{"taxonomy":"category","embeddable":true,"href":"https:\/\/agendaparaguay.com\/v2\/wp-json\/wp\/v2\/categories?post=72290"},{"taxonomy":"post_tag","embeddable":true,"href":"https:\/\/agendaparaguay.com\/v2\/wp-json\/wp\/v2\/tags?post=72290"}],"curies":[{"name":"wp","href":"https:\/\/api.w.org\/{rel}","templated":true}]}}