{"id":72356,"date":"2025-04-21T09:03:29","date_gmt":"2025-04-21T12:03:29","guid":{"rendered":"https:\/\/agendaparaguay.com\/v2\/?p=72356"},"modified":"2025-04-21T12:43:36","modified_gmt":"2025-04-21T15:43:36","slug":"confirman-intento-de-rescate-de-un-preso-mientras-era-trasladado-a-la-agrupacion-especializada","status":"publish","type":"post","link":"https:\/\/agendaparaguay.com\/v2\/2025\/04\/21\/confirman-intento-de-rescate-de-un-preso-mientras-era-trasladado-a-la-agrupacion-especializada\/","title":{"rendered":"Confirman intento de rescate de un preso mientras era trasladado a la Agrupaci\u00f3n Especializada"},"content":{"rendered":"<p style=\"text-align: justify;\">El Ministerio de Justicia confirm\u00f3 que hoy cerca de las 5.25 a.m., aproximadamente, se registr\u00f3 un incidente durante el traslado de un privado de libertad (PPL), Ignacio Ram\u00f3n Rodas Galeano, quien se encuentra procesado por Homicidio Doloso y Tentativa de Robo Agravado.<!--more--><\/p>\n<p style=\"text-align: justify;\">EL reporte indica que durante su traslado hacia la Agrupaci\u00f3n Especializada desde el penal de Encarnaci\u00f3n, en cumplimiento de un Oficio Judicial que dispon\u00eda su traslado, se registr\u00f3 un incidente a la altura del peaje de la localidad de Coronel Bogado, donde se habr\u00eda producido un aparente intento de rescate, deducido por comportamiento sospechoso de un veh\u00edculo, si bien no se vieron armas, ni uso de la fuerza.<\/p>\n<p style=\"text-align: justify;\">Ante esta situaci\u00f3n, la comitiva a cargo del operativo decidi\u00f3 retornar inmediatamente al penal, donde Galeano Rodas ya se encuentra nuevamente bajo custodia.<\/p>\n<p style=\"text-align: justify;\">Personal de Inteligencia de la Polic\u00eda Nacional, conjuntamente con el director del penal, Javier Rodas, se encuentran recabando m\u00e1s detalles sobre el hecho y se brindar\u00e1 informaci\u00f3n oficial a medida que avance la investigaci\u00f3n.<\/p>\n","protected":false},"excerpt":{"rendered":"<p>El Ministerio de Justicia confirm\u00f3 que hoy cerca de las 5.25 a.m., aproximadamente, se registr\u00f3 un incidente durante el traslado de un privado de libertad (PPL), Ignacio Ram\u00f3n Rodas Galeano,&hellip; <\/p>\n","protected":false},"author":1,"featured_media":24142,"comment_status":"closed","ping_status":"open","sticky":false,"template":"","format":"standard","meta":{"sfsi_plus_gutenberg_text_before_share":"","sfsi_plus_gutenberg_show_text_before_share":"","sfsi_plus_gutenberg_icon_type":"","sfsi_plus_gutenberg_icon_alignemt":"","sfsi_plus_gutenburg_max_per_row":"","footnotes":"","_jetpack_memberships_contains_paid_content":false,"jetpack_publicize_message":"","jetpack_publicize_feature_enabled":true,"jetpack_social_post_already_shared":true,"jetpack_social_options":{"image_generator_settings":{"template":"highway","enabled":false},"version":2}},"categories":[5],"tags":[],"jetpack_publicize_connections":[],"jetpack_sharing_enabled":true,"jetpack_featured_media_url":"https:\/\/agendaparaguay.com\/v2\/wp-content\/uploads\/2020\/08\/ministerio_de_justicia.jpeg","_links":{"self":[{"href":"https:\/\/agendaparaguay.com\/v2\/wp-json\/wp\/v2\/posts\/72356"}],"collection":[{"href":"https:\/\/agendaparaguay.com\/v2\/wp-json\/wp\/v2\/posts"}],"about":[{"href":"https:\/\/agendaparaguay.com\/v2\/wp-json\/wp\/v2\/types\/post"}],"author":[{"embeddable":true,"href":"https:\/\/agendaparaguay.com\/v2\/wp-json\/wp\/v2\/users\/1"}],"replies":[{"embeddable":true,"href":"https:\/\/agendaparaguay.com\/v2\/wp-json\/wp\/v2\/comments?post=72356"}],"version-history":[{"count":1,"href":"https:\/\/agendaparaguay.com\/v2\/wp-json\/wp\/v2\/posts\/72356\/revisions"}],"predecessor-version":[{"id":72357,"href":"https:\/\/agendaparaguay.com\/v2\/wp-json\/wp\/v2\/posts\/72356\/revisions\/72357"}],"wp:featuredmedia":[{"embeddable":true,"href":"https:\/\/agendaparaguay.com\/v2\/wp-json\/wp\/v2\/media\/24142"}],"wp:attachment":[{"href":"https:\/\/agendaparaguay.com\/v2\/wp-json\/wp\/v2\/media?parent=72356"}],"wp:term":[{"taxonomy":"category","embeddable":true,"href":"https:\/\/agendaparaguay.com\/v2\/wp-json\/wp\/v2\/categories?post=72356"},{"taxonomy":"post_tag","embeddable":true,"href":"https:\/\/agendaparaguay.com\/v2\/wp-json\/wp\/v2\/tags?post=72356"}],"curies":[{"name":"wp","href":"https:\/\/api.w.org\/{rel}","templated":true}]}}