{"id":73440,"date":"2025-06-09T10:42:49","date_gmt":"2025-06-09T13:42:49","guid":{"rendered":"https:\/\/agendaparaguay.com\/v2\/?p=73440"},"modified":"2025-06-09T13:49:35","modified_gmt":"2025-06-09T16:49:35","slug":"pedir-expulsion-de-embajador-frances-es-una-tremenda-estupidez-segun-buzarquis","status":"publish","type":"post","link":"https:\/\/agendaparaguay.com\/v2\/2025\/06\/09\/pedir-expulsion-de-embajador-frances-es-una-tremenda-estupidez-segun-buzarquis\/","title":{"rendered":"Pedir expulsi\u00f3n de embajador franc\u00e9s es una tremenda estupidez, seg\u00fan Buzarquis"},"content":{"rendered":"<p style=\"text-align: justify;\">El senador liberal Enrique Salyn Buzarquis consider\u00f3 que es una \u00abtremenda estupidez\u00bb y una \u00abaduloner\u00eda\u00bb que el bloque de Honor Colorado pida la expulsi\u00f3n del embajador franc\u00e9s, Pierre-Christian Soccoja, luego de decir que el presidente de la Rep\u00fablica, Santiago Pe\u00f1a \u00abviaja mucho\u00bb.<!--more--><\/p>\n<p style=\"text-align: justify;\">\u00abPara mi una reverenda estupidez. De hecho, si hay alg\u00fan malestar con el embajador tiene que hacerlo el poder ejecutivo como poder ejecutivo a trav\u00e9s de la canciller\u00eda\u00bb manifest\u00f3 el legislador liberal sobre la decisi\u00f3n que anunci\u00f3 la semana pasada el propio titular del Congreso, Basilio \u00abBachi\u00bb N\u00fa\u00f1ez y el l\u00edder de la bancada cartista en Senado, Natalicio Chase.<\/p>\n<p style=\"text-align: justify;\">\u00abPoco serio y imag\u00ednate ganarte un conflicto con Francia que es una potencia de la Uni\u00f3n con toda la Uni\u00f3n Europea, o sea, en vez de dedicarse a trabajar por el pa\u00eds en cosas importantes, se dedican a este tipo de payasadas que nos dejan mal parados\u00bb continu\u00f3 diciendo el congresista.<\/p>\n<p style=\"text-align: justify;\">Para el senador liberal el pedido de expulsi\u00f3n es una \u00abaduloner\u00eda\u00bb de los legisladores oficialistas que en lugar de dedicarse a cuestionar temas sociales, abren paso a un nuevo conflicto diplom\u00e1tico.<\/p>\n<p style=\"text-align: justify;\">\u00abHubiese esperado esta actitud del movimiento Honor Colorado recordando, aprovechando la ocasi\u00f3n, recordando a este compatriota que muri\u00f3 este s\u00e1bado a la noche en IPS esperando terapia intensiva. Los temas sociales, a ellos no le importan. La estupidez, todo lo que sea aduloner\u00eda en eso est\u00e1n\u00bb manifest\u00f3 Buzarquis<\/p>\n","protected":false},"excerpt":{"rendered":"<p>El senador liberal Enrique Salyn Buzarquis consider\u00f3 que es una \u00abtremenda estupidez\u00bb y una \u00abaduloner\u00eda\u00bb que el bloque de Honor Colorado pida la expulsi\u00f3n del embajador franc\u00e9s, Pierre-Christian Soccoja, luego&hellip; <\/p>\n","protected":false},"author":1,"featured_media":73441,"comment_status":"closed","ping_status":"open","sticky":false,"template":"","format":"standard","meta":{"sfsi_plus_gutenberg_text_before_share":"","sfsi_plus_gutenberg_show_text_before_share":"","sfsi_plus_gutenberg_icon_type":"","sfsi_plus_gutenberg_icon_alignemt":"","sfsi_plus_gutenburg_max_per_row":"","footnotes":"","_jetpack_memberships_contains_paid_content":false,"jetpack_publicize_message":"","jetpack_publicize_feature_enabled":true,"jetpack_social_post_already_shared":true,"jetpack_social_options":{"image_generator_settings":{"template":"highway","enabled":false},"version":2}},"categories":[2],"tags":[],"jetpack_publicize_connections":[],"jetpack_sharing_enabled":true,"jetpack_featured_media_url":"https:\/\/agendaparaguay.com\/v2\/wp-content\/uploads\/2025\/06\/salyn_buzarquis_junio.jpg","_links":{"self":[{"href":"https:\/\/agendaparaguay.com\/v2\/wp-json\/wp\/v2\/posts\/73440"}],"collection":[{"href":"https:\/\/agendaparaguay.com\/v2\/wp-json\/wp\/v2\/posts"}],"about":[{"href":"https:\/\/agendaparaguay.com\/v2\/wp-json\/wp\/v2\/types\/post"}],"author":[{"embeddable":true,"href":"https:\/\/agendaparaguay.com\/v2\/wp-json\/wp\/v2\/users\/1"}],"replies":[{"embeddable":true,"href":"https:\/\/agendaparaguay.com\/v2\/wp-json\/wp\/v2\/comments?post=73440"}],"version-history":[{"count":1,"href":"https:\/\/agendaparaguay.com\/v2\/wp-json\/wp\/v2\/posts\/73440\/revisions"}],"predecessor-version":[{"id":73442,"href":"https:\/\/agendaparaguay.com\/v2\/wp-json\/wp\/v2\/posts\/73440\/revisions\/73442"}],"wp:featuredmedia":[{"embeddable":true,"href":"https:\/\/agendaparaguay.com\/v2\/wp-json\/wp\/v2\/media\/73441"}],"wp:attachment":[{"href":"https:\/\/agendaparaguay.com\/v2\/wp-json\/wp\/v2\/media?parent=73440"}],"wp:term":[{"taxonomy":"category","embeddable":true,"href":"https:\/\/agendaparaguay.com\/v2\/wp-json\/wp\/v2\/categories?post=73440"},{"taxonomy":"post_tag","embeddable":true,"href":"https:\/\/agendaparaguay.com\/v2\/wp-json\/wp\/v2\/tags?post=73440"}],"curies":[{"name":"wp","href":"https:\/\/api.w.org\/{rel}","templated":true}]}}