{"id":73597,"date":"2025-06-17T08:10:28","date_gmt":"2025-06-17T11:10:28","guid":{"rendered":"https:\/\/agendaparaguay.com\/v2\/?p=73597"},"modified":"2025-06-17T19:56:57","modified_gmt":"2025-06-17T22:56:57","slug":"defensa-de-senador-erico-galeano-recusa-a-fiscales","status":"publish","type":"post","link":"https:\/\/agendaparaguay.com\/v2\/2025\/06\/17\/defensa-de-senador-erico-galeano-recusa-a-fiscales\/","title":{"rendered":"Defensa de senador Erico Galeano recusa a fiscales"},"content":{"rendered":"<p style=\"text-align: justify;\">A minutos del inicio del juicio oral y publico en su contra por sus v\u00ednculos en A Ultranza Py, el senador oficialista Erico Galeano recus\u00f3 a los fiscales Deny Yoon Pack y Silvio Corbeta por supuesta falta de objetividad en el caso.<!--more--><\/p>\n<p style=\"text-align: justify;\">Este martes para las 7:30 horas estaba marcado el inicio del juicio oral. El juzgamiento de la causa estar\u00e1 a cargo del Tribunal de Sentencia Especializado en Crimen Organizado que preside el juez Pablino Barreto e integran In\u00e9s Galarza y Juan D\u00e1valos.<\/p>\n<p style=\"text-align: justify;\">Tras la recusaci\u00f3n, la fiscal\u00eda General del que debe analizar el planteamiento de la defensa del acusado y posteriormente designar a otro interino para probar los hechos atribuidos al legislador cartista.<\/p>\n<p style=\"text-align: justify;\">Para el Ministerio P\u00fablico, Erico Galeano se benefeci\u00f3 econ\u00f3micamente de actividades ilicitas encabezadas por Miguel Angel Insfr\u00e1n y adem\u00e1s, permiti\u00f3 que pueda introducir al sistema financiero legal sus activos, con la compra de un bien\u00a0inmueble en el condominio \u201cAqua Village\u201d de Altos. En tal sentido, puso a disposici\u00f3n de Tio Rico y el narco pr\u00f3fugo Sebasti\u00e1n Marset una avioneta para que estos se trasladen entro del territorio nacional.<\/p>\n","protected":false},"excerpt":{"rendered":"<p>A minutos del inicio del juicio oral y publico en su contra por sus v\u00ednculos en A Ultranza Py, el senador oficialista Erico Galeano recus\u00f3 a los fiscales Deny Yoon&hellip; <\/p>\n","protected":false},"author":1,"featured_media":73598,"comment_status":"closed","ping_status":"open","sticky":false,"template":"","format":"standard","meta":{"sfsi_plus_gutenberg_text_before_share":"","sfsi_plus_gutenberg_show_text_before_share":"","sfsi_plus_gutenberg_icon_type":"","sfsi_plus_gutenberg_icon_alignemt":"","sfsi_plus_gutenburg_max_per_row":"","footnotes":"","_jetpack_memberships_contains_paid_content":false,"jetpack_publicize_message":"","jetpack_publicize_feature_enabled":true,"jetpack_social_post_already_shared":true,"jetpack_social_options":{"image_generator_settings":{"template":"highway","enabled":false},"version":2}},"categories":[5],"tags":[],"jetpack_publicize_connections":[],"jetpack_sharing_enabled":true,"jetpack_featured_media_url":"https:\/\/agendaparaguay.com\/v2\/wp-content\/uploads\/2025\/06\/erico_galeano_trib.png","_links":{"self":[{"href":"https:\/\/agendaparaguay.com\/v2\/wp-json\/wp\/v2\/posts\/73597"}],"collection":[{"href":"https:\/\/agendaparaguay.com\/v2\/wp-json\/wp\/v2\/posts"}],"about":[{"href":"https:\/\/agendaparaguay.com\/v2\/wp-json\/wp\/v2\/types\/post"}],"author":[{"embeddable":true,"href":"https:\/\/agendaparaguay.com\/v2\/wp-json\/wp\/v2\/users\/1"}],"replies":[{"embeddable":true,"href":"https:\/\/agendaparaguay.com\/v2\/wp-json\/wp\/v2\/comments?post=73597"}],"version-history":[{"count":1,"href":"https:\/\/agendaparaguay.com\/v2\/wp-json\/wp\/v2\/posts\/73597\/revisions"}],"predecessor-version":[{"id":73599,"href":"https:\/\/agendaparaguay.com\/v2\/wp-json\/wp\/v2\/posts\/73597\/revisions\/73599"}],"wp:featuredmedia":[{"embeddable":true,"href":"https:\/\/agendaparaguay.com\/v2\/wp-json\/wp\/v2\/media\/73598"}],"wp:attachment":[{"href":"https:\/\/agendaparaguay.com\/v2\/wp-json\/wp\/v2\/media?parent=73597"}],"wp:term":[{"taxonomy":"category","embeddable":true,"href":"https:\/\/agendaparaguay.com\/v2\/wp-json\/wp\/v2\/categories?post=73597"},{"taxonomy":"post_tag","embeddable":true,"href":"https:\/\/agendaparaguay.com\/v2\/wp-json\/wp\/v2\/tags?post=73597"}],"curies":[{"name":"wp","href":"https:\/\/api.w.org\/{rel}","templated":true}]}}