{"id":74521,"date":"2025-07-24T10:29:13","date_gmt":"2025-07-24T13:29:13","guid":{"rendered":"https:\/\/agendaparaguay.com\/v2\/?p=74521"},"modified":"2025-07-24T14:53:03","modified_gmt":"2025-07-24T17:53:03","slug":"detienen-a-presunto-lider-narco-con-mas-de-3-600-dosis-de-droga","status":"publish","type":"post","link":"https:\/\/agendaparaguay.com\/v2\/2025\/07\/24\/detienen-a-presunto-lider-narco-con-mas-de-3-600-dosis-de-droga\/","title":{"rendered":"Detienen a presunto l\u00edder narco con m\u00e1s de 3.600 dosis de droga"},"content":{"rendered":"<p style=\"text-align: justify;\">La agente fiscal Pamela P\u00e9rez, de la Unidad Especializada en la Lucha contra el Narcotr\u00e1fico, encabez\u00f3 en la noche del mi\u00e9rcoles el operativo denominado \u201cLa Plaza\u201d, ejecutado en una vivienda del barrio It\u00e1 Pyt\u00e3 Punta de Asunci\u00f3n. En el procedimiento fue detenido un hombre de 40 a\u00f1os, sindicado como presunto l\u00edder de una facci\u00f3n vinculada a la barra brava de un club deportivo capitalino.<!--more--><\/p>\n<p style=\"text-align: justify;\">Durante el allanamiento se incautaron 1,036 kilogramos de supuesta coca\u00edna, distribuidos en paquetes y porciones que, una vez fraccionados, equivaldr\u00edan a m\u00e1s de 3.600 dosis. Asimismo, se decomisaron porciones de coca\u00edna tipo crack, frascos con fenacetina, cafe\u00edna y tetraca\u00edna, dos armas de fuego, municiones, G. 4.172.000 en efectivo, un autom\u00f3vil, tres balanzas de precisi\u00f3n y otros elementos vinculados al microtr\u00e1fico.<\/p>\n<p style=\"text-align: justify;\">La intervenci\u00f3n se llev\u00f3 a cabo en coordinaci\u00f3n con la Direcci\u00f3n de Operaciones Urbanas del Departamento Zona 1 de la Secretar\u00eda Nacional Antidrogas (SENAD), cuyas unidades realizaron tareas de inteligencia y vigilancia previa que permitieron concretar la aprehensi\u00f3n del sospechoso. El mismo estar\u00eda al frente de una estructura dedicada a la distribuci\u00f3n de drogas en diversos barrios de Asunci\u00f3n y zonas aleda\u00f1as.<\/p>\n<p style=\"text-align: justify;\">El Ministerio P\u00fablico anunci\u00f3 que presentar\u00e1 imputaci\u00f3n contra el detenido por la presunta comisi\u00f3n de los hechos punibles de tenencia y comercializaci\u00f3n de sustancias estupefacientes, previstos en la Ley n.\u00ba 1.340\/88 y sus modificaciones. La investigaci\u00f3n contin\u00faa con el objetivo de identificar a otros posibles integrantes de la red desarticulada.<\/p>\n","protected":false},"excerpt":{"rendered":"<p>La agente fiscal Pamela P\u00e9rez, de la Unidad Especializada en la Lucha contra el Narcotr\u00e1fico, encabez\u00f3 en la noche del mi\u00e9rcoles el operativo denominado \u201cLa Plaza\u201d, ejecutado en una vivienda&hellip; <\/p>\n","protected":false},"author":1,"featured_media":74522,"comment_status":"closed","ping_status":"open","sticky":false,"template":"","format":"standard","meta":{"sfsi_plus_gutenberg_text_before_share":"","sfsi_plus_gutenberg_show_text_before_share":"","sfsi_plus_gutenberg_icon_type":"","sfsi_plus_gutenberg_icon_alignemt":"","sfsi_plus_gutenburg_max_per_row":"","footnotes":"","_jetpack_memberships_contains_paid_content":false,"jetpack_publicize_message":"","jetpack_publicize_feature_enabled":true,"jetpack_social_post_already_shared":true,"jetpack_social_options":{"image_generator_settings":{"template":"highway","enabled":false},"version":2}},"categories":[5],"tags":[],"jetpack_publicize_connections":[],"jetpack_sharing_enabled":true,"jetpack_featured_media_url":"https:\/\/agendaparaguay.com\/v2\/wp-content\/uploads\/2025\/07\/la_gorda_ccp_la_plaza.jpg","_links":{"self":[{"href":"https:\/\/agendaparaguay.com\/v2\/wp-json\/wp\/v2\/posts\/74521"}],"collection":[{"href":"https:\/\/agendaparaguay.com\/v2\/wp-json\/wp\/v2\/posts"}],"about":[{"href":"https:\/\/agendaparaguay.com\/v2\/wp-json\/wp\/v2\/types\/post"}],"author":[{"embeddable":true,"href":"https:\/\/agendaparaguay.com\/v2\/wp-json\/wp\/v2\/users\/1"}],"replies":[{"embeddable":true,"href":"https:\/\/agendaparaguay.com\/v2\/wp-json\/wp\/v2\/comments?post=74521"}],"version-history":[{"count":1,"href":"https:\/\/agendaparaguay.com\/v2\/wp-json\/wp\/v2\/posts\/74521\/revisions"}],"predecessor-version":[{"id":74523,"href":"https:\/\/agendaparaguay.com\/v2\/wp-json\/wp\/v2\/posts\/74521\/revisions\/74523"}],"wp:featuredmedia":[{"embeddable":true,"href":"https:\/\/agendaparaguay.com\/v2\/wp-json\/wp\/v2\/media\/74522"}],"wp:attachment":[{"href":"https:\/\/agendaparaguay.com\/v2\/wp-json\/wp\/v2\/media?parent=74521"}],"wp:term":[{"taxonomy":"category","embeddable":true,"href":"https:\/\/agendaparaguay.com\/v2\/wp-json\/wp\/v2\/categories?post=74521"},{"taxonomy":"post_tag","embeddable":true,"href":"https:\/\/agendaparaguay.com\/v2\/wp-json\/wp\/v2\/tags?post=74521"}],"curies":[{"name":"wp","href":"https:\/\/api.w.org\/{rel}","templated":true}]}}