{"id":76301,"date":"2025-10-22T19:22:24","date_gmt":"2025-10-22T22:22:24","guid":{"rendered":"https:\/\/agendaparaguay.com\/v2\/?p=76301"},"modified":"2025-10-22T19:22:49","modified_gmt":"2025-10-22T22:22:49","slug":"joshua-duerksen-sera-piloto-de-invicta-racing-escuderia-lider-de-la-f2-para-el-2026","status":"publish","type":"post","link":"https:\/\/agendaparaguay.com\/v2\/2025\/10\/22\/joshua-duerksen-sera-piloto-de-invicta-racing-escuderia-lider-de-la-f2-para-el-2026\/","title":{"rendered":"Joshua Duerksen ser\u00e1 piloto de Invicta Racing, escuder\u00eda l\u00edder de la F2, para el 2026"},"content":{"rendered":"<p style=\"text-align: justify;\">El piloto paraguayo Joshua Duerksen fue anunciado este mi\u00e9rcoles como nuevo piloto de Invicta Racing, la escuder\u00eda l\u00edder de la F2, para la temporada 2026. \u00abEs un paso enorme en mi carrera deportiva y una oportunidad para pelear por el titulo de la F2\u00bb, afirm\u00f3 Duerksen.<!--more--><\/p>\n<p style=\"text-align: justify;\">El piloto paraguayo tendr\u00e1 de esta forma su tercera temporada en la F2, esta vez al mando de un monoplaza de los acutales campeones de la categor\u00eda.<\/p>\n<p style=\"text-align: justify;\">\u00abRecibir esta tremenda oportunidad me llena de alegr\u00eda, orgullo y emoci\u00f3n. Prometo dejar todo en cada carrera como siempre lo he hecho y dar la maximo para estar a la altura de esta confianza\u00bb, dijo Duerksen.<\/p>\n<p style=\"text-align: justify;\">Reconoci\u00f3 que el desafio sigue siendo enorme pero que \u00abeste es un paso fundamental para mantener viva la ilusi\u00f3n demostrar que los sue\u00f1os paraguayos tambi\u00e9n pueden llegar lejos\u00bb. Afirm\u00f3 que su objetivo en cada carrera ser\u00e1 \u00abver la bandera paraguaya en lo m\u00e1s alto del podio\u00bb.<\/p>\n<p style=\"text-align: justify;\">Tras dos temporadas como piloto de AIX Racing, Duerksen ha cosechado nueve podios y tres victorias, siendo responsable de los 66 puntos acumulados este a\u00f1o por su escuder\u00eda.<\/p>\n<p style=\"text-align: justify;\">Duerksen se subir\u00e1 por primera vez al veh\u00edculo del Invicta Racing en los test realizados luego de la finalizaci\u00f3n de la actual temprada, en diciembre pr\u00f3ximo.<\/p>\n<p style=\"text-align: justify;\">\u00abPuede ser que este auto me vaya bien, puede ser que no me acostumbre, pero eso vamos a descubrir reci\u00e9n en los test postemporada, tengo que conocer tambi\u00e9n mejor al equipo, as\u00ed que va a ser un periodo de mucha adaptaci\u00f3n\u00bb, dijo.<\/p>\n<p style=\"text-align: justify;\">Destac\u00f3 que la filosof\u00eda de trabajo y la puesta a punto de Invicta son factores que le permitir\u00e1n pelear por el campeonato en la F2, antesala del m\u00e1ximo sue\u00f1o del piloto paraguayo, la F\u00f3rmula 1. Fuente: Ip<\/p>\n","protected":false},"excerpt":{"rendered":"<p>El piloto paraguayo Joshua Duerksen fue anunciado este mi\u00e9rcoles como nuevo piloto de Invicta Racing, la escuder\u00eda l\u00edder de la F2, para la temporada 2026. \u00abEs un paso enorme en&hellip; <\/p>\n","protected":false},"author":1,"featured_media":76302,"comment_status":"closed","ping_status":"open","sticky":false,"template":"","format":"standard","meta":{"sfsi_plus_gutenberg_text_before_share":"","sfsi_plus_gutenberg_show_text_before_share":"","sfsi_plus_gutenberg_icon_type":"","sfsi_plus_gutenberg_icon_alignemt":"","sfsi_plus_gutenburg_max_per_row":"","footnotes":"","_jetpack_memberships_contains_paid_content":false,"jetpack_publicize_message":"","jetpack_publicize_feature_enabled":true,"jetpack_social_post_already_shared":true,"jetpack_social_options":{"image_generator_settings":{"template":"highway","enabled":false},"version":2}},"categories":[5],"tags":[],"jetpack_publicize_connections":[],"jetpack_sharing_enabled":true,"jetpack_featured_media_url":"https:\/\/agendaparaguay.com\/v2\/wp-content\/uploads\/2025\/10\/duerksen.jpg","_links":{"self":[{"href":"https:\/\/agendaparaguay.com\/v2\/wp-json\/wp\/v2\/posts\/76301"}],"collection":[{"href":"https:\/\/agendaparaguay.com\/v2\/wp-json\/wp\/v2\/posts"}],"about":[{"href":"https:\/\/agendaparaguay.com\/v2\/wp-json\/wp\/v2\/types\/post"}],"author":[{"embeddable":true,"href":"https:\/\/agendaparaguay.com\/v2\/wp-json\/wp\/v2\/users\/1"}],"replies":[{"embeddable":true,"href":"https:\/\/agendaparaguay.com\/v2\/wp-json\/wp\/v2\/comments?post=76301"}],"version-history":[{"count":1,"href":"https:\/\/agendaparaguay.com\/v2\/wp-json\/wp\/v2\/posts\/76301\/revisions"}],"predecessor-version":[{"id":76303,"href":"https:\/\/agendaparaguay.com\/v2\/wp-json\/wp\/v2\/posts\/76301\/revisions\/76303"}],"wp:featuredmedia":[{"embeddable":true,"href":"https:\/\/agendaparaguay.com\/v2\/wp-json\/wp\/v2\/media\/76302"}],"wp:attachment":[{"href":"https:\/\/agendaparaguay.com\/v2\/wp-json\/wp\/v2\/media?parent=76301"}],"wp:term":[{"taxonomy":"category","embeddable":true,"href":"https:\/\/agendaparaguay.com\/v2\/wp-json\/wp\/v2\/categories?post=76301"},{"taxonomy":"post_tag","embeddable":true,"href":"https:\/\/agendaparaguay.com\/v2\/wp-json\/wp\/v2\/tags?post=76301"}],"curies":[{"name":"wp","href":"https:\/\/api.w.org\/{rel}","templated":true}]}}