{"id":76353,"date":"2025-10-27T07:13:42","date_gmt":"2025-10-27T10:13:42","guid":{"rendered":"https:\/\/agendaparaguay.com\/v2\/?p=76353"},"modified":"2025-10-27T08:39:15","modified_gmt":"2025-10-27T11:39:15","slug":"semana-con-temperaturas-frescas-en-las-mananas","status":"publish","type":"post","link":"https:\/\/agendaparaguay.com\/v2\/2025\/10\/27\/semana-con-temperaturas-frescas-en-las-mananas\/","title":{"rendered":"Semana con temperaturas frescas en las ma\u00f1anas"},"content":{"rendered":"<p style=\"text-align: justify;\">Durante las primeras horas de la ma\u00f1ana de hoy, lunes 27, predomina un ambiente fresco acompa\u00f1ado de vientos del sector sureste. En el transcurso de la jornada se prev\u00e9 un aumento paulatino de las temperaturas, favoreciendo a un ambiente c\u00e1lido en horas de la tarde, con m\u00e1ximas que variar\u00edan entre 27 y 30 \u00b0C en gran parte del pa\u00eds.<!--more--><\/p>\n<p style=\"text-align: justify;\">La probabilidad de precipitaciones se mantiene hasta ma\u00f1ana, martes 28. Las lluvias con tormentas el\u00e9ctricas puntuales se concentrar\u00edan principalmente en el centro, norte y este del territorio nacional, mientras que en los dem\u00e1s puntos del pa\u00eds podr\u00edan registrarse lluvias leves y dispersas.<\/p>\n<p style=\"text-align: justify;\">Con el ingreso de un frente fr\u00edo las temperaturas comenzar\u00edan a descender gradualmente desde ma\u00f1ana, martes 28. Dicha condici\u00f3n favorecer\u00eda a amaneceres frescos durante la semana, especialmente en las primeras horas del mi\u00e9rcoles 29, d\u00eda en el que se esperan temperaturas m\u00ednimas entre 12 y 17 \u00b0C y m\u00e1ximas que no superar\u00edan los 26 \u00b0C.<\/p>\n<p>&nbsp;<\/p>\n","protected":false},"excerpt":{"rendered":"<p>Durante las primeras horas de la ma\u00f1ana de hoy, lunes 27, predomina un ambiente fresco acompa\u00f1ado de vientos del sector sureste. En el transcurso de la jornada se prev\u00e9 un&hellip; <\/p>\n","protected":false},"author":1,"featured_media":55687,"comment_status":"closed","ping_status":"open","sticky":false,"template":"","format":"standard","meta":{"sfsi_plus_gutenberg_text_before_share":"","sfsi_plus_gutenberg_show_text_before_share":"","sfsi_plus_gutenberg_icon_type":"","sfsi_plus_gutenberg_icon_alignemt":"","sfsi_plus_gutenburg_max_per_row":"","footnotes":"","_jetpack_memberships_contains_paid_content":false,"jetpack_publicize_message":"","jetpack_publicize_feature_enabled":true,"jetpack_social_post_already_shared":true,"jetpack_social_options":{"image_generator_settings":{"template":"highway","enabled":false},"version":2}},"categories":[5],"tags":[],"jetpack_publicize_connections":[],"jetpack_sharing_enabled":true,"jetpack_featured_media_url":"https:\/\/agendaparaguay.com\/v2\/wp-content\/uploads\/2023\/06\/clima_amanecer_2.jpg","_links":{"self":[{"href":"https:\/\/agendaparaguay.com\/v2\/wp-json\/wp\/v2\/posts\/76353"}],"collection":[{"href":"https:\/\/agendaparaguay.com\/v2\/wp-json\/wp\/v2\/posts"}],"about":[{"href":"https:\/\/agendaparaguay.com\/v2\/wp-json\/wp\/v2\/types\/post"}],"author":[{"embeddable":true,"href":"https:\/\/agendaparaguay.com\/v2\/wp-json\/wp\/v2\/users\/1"}],"replies":[{"embeddable":true,"href":"https:\/\/agendaparaguay.com\/v2\/wp-json\/wp\/v2\/comments?post=76353"}],"version-history":[{"count":1,"href":"https:\/\/agendaparaguay.com\/v2\/wp-json\/wp\/v2\/posts\/76353\/revisions"}],"predecessor-version":[{"id":76354,"href":"https:\/\/agendaparaguay.com\/v2\/wp-json\/wp\/v2\/posts\/76353\/revisions\/76354"}],"wp:featuredmedia":[{"embeddable":true,"href":"https:\/\/agendaparaguay.com\/v2\/wp-json\/wp\/v2\/media\/55687"}],"wp:attachment":[{"href":"https:\/\/agendaparaguay.com\/v2\/wp-json\/wp\/v2\/media?parent=76353"}],"wp:term":[{"taxonomy":"category","embeddable":true,"href":"https:\/\/agendaparaguay.com\/v2\/wp-json\/wp\/v2\/categories?post=76353"},{"taxonomy":"post_tag","embeddable":true,"href":"https:\/\/agendaparaguay.com\/v2\/wp-json\/wp\/v2\/tags?post=76353"}],"curies":[{"name":"wp","href":"https:\/\/api.w.org\/{rel}","templated":true}]}}