{"id":77131,"date":"2025-12-12T08:35:27","date_gmt":"2025-12-12T11:35:27","guid":{"rendered":"https:\/\/agendaparaguay.com\/v2\/?p=77131"},"modified":"2025-12-12T10:09:12","modified_gmt":"2025-12-12T13:09:12","slug":"bogarin-gonzalez-asumira-la-presidencia-del-tsje-en-2026","status":"publish","type":"post","link":"https:\/\/agendaparaguay.com\/v2\/2025\/12\/12\/bogarin-gonzalez-asumira-la-presidencia-del-tsje-en-2026\/","title":{"rendered":"Bogar\u00edn Gonz\u00e1lez asumir\u00e1 la presidencia del TSJE en 2026"},"content":{"rendered":"<p style=\"text-align: justify;\">El Tribunal Superior de Justicia Electoral (TSJE) oficializ\u00f3 este lunes la designaci\u00f3n del ministro Jorge Enrique Bogar\u00edn Gonz\u00e1lez como nuevo presidente de la instituci\u00f3n para el ejercicio 2026. La decisi\u00f3n qued\u00f3 plasmada en la Resoluci\u00f3n TSJE N\u00ba 183\/2025, que define el inicio de su mandato el 1 de enero y su conclusi\u00f3n el 31 de diciembre del pr\u00f3ximo a\u00f1o.<!--more--><\/p>\n<p style=\"text-align: justify;\">La resoluci\u00f3n tambi\u00e9n establece la conformaci\u00f3n completa de la mesa directiva para el mismo periodo. El ministro C\u00e9sar Emilio Rossel fue nombrado vicepresidente, mientras que el ministro Jaime Jos\u00e9 Bestard Duschek integrar\u00e1 el \u00f3rgano como miembro.<\/p>\n<p style=\"text-align: justify;\">El TSJE record\u00f3 que, conforme al reglamento electoral vigente, la rotaci\u00f3n anual en la presidencia y vicepresidencia es una disposici\u00f3n obligatoria entre los miembros del Tribunal. Este mecanismo busca garantizar alternancia interna y equilibrio en la conducci\u00f3n administrativa y jurisdiccional del organismo electoral.<\/p>\n<p style=\"text-align: justify;\">La nueva conformaci\u00f3n asumir\u00e1 la responsabilidad de administrar los procesos electorales, fortalecer los sistemas de control y continuar con las tareas institucionales previstas para el pr\u00f3ximo a\u00f1o.<\/p>\n","protected":false},"excerpt":{"rendered":"<p>El Tribunal Superior de Justicia Electoral (TSJE) oficializ\u00f3 este lunes la designaci\u00f3n del ministro Jorge Enrique Bogar\u00edn Gonz\u00e1lez como nuevo presidente de la instituci\u00f3n para el ejercicio 2026. La decisi\u00f3n&hellip; <\/p>\n","protected":false},"author":1,"featured_media":48691,"comment_status":"closed","ping_status":"open","sticky":false,"template":"","format":"standard","meta":{"sfsi_plus_gutenberg_text_before_share":"","sfsi_plus_gutenberg_show_text_before_share":"","sfsi_plus_gutenberg_icon_type":"","sfsi_plus_gutenberg_icon_alignemt":"","sfsi_plus_gutenburg_max_per_row":"","footnotes":"","_jetpack_memberships_contains_paid_content":false,"jetpack_publicize_message":"","jetpack_publicize_feature_enabled":true,"jetpack_social_post_already_shared":true,"jetpack_social_options":{"image_generator_settings":{"template":"highway","enabled":false},"version":2}},"categories":[2],"tags":[],"jetpack_publicize_connections":[],"jetpack_sharing_enabled":true,"jetpack_featured_media_url":"https:\/\/agendaparaguay.com\/v2\/wp-content\/uploads\/2022\/10\/jorge_bogarin_tsje.jpg","_links":{"self":[{"href":"https:\/\/agendaparaguay.com\/v2\/wp-json\/wp\/v2\/posts\/77131"}],"collection":[{"href":"https:\/\/agendaparaguay.com\/v2\/wp-json\/wp\/v2\/posts"}],"about":[{"href":"https:\/\/agendaparaguay.com\/v2\/wp-json\/wp\/v2\/types\/post"}],"author":[{"embeddable":true,"href":"https:\/\/agendaparaguay.com\/v2\/wp-json\/wp\/v2\/users\/1"}],"replies":[{"embeddable":true,"href":"https:\/\/agendaparaguay.com\/v2\/wp-json\/wp\/v2\/comments?post=77131"}],"version-history":[{"count":1,"href":"https:\/\/agendaparaguay.com\/v2\/wp-json\/wp\/v2\/posts\/77131\/revisions"}],"predecessor-version":[{"id":77132,"href":"https:\/\/agendaparaguay.com\/v2\/wp-json\/wp\/v2\/posts\/77131\/revisions\/77132"}],"wp:featuredmedia":[{"embeddable":true,"href":"https:\/\/agendaparaguay.com\/v2\/wp-json\/wp\/v2\/media\/48691"}],"wp:attachment":[{"href":"https:\/\/agendaparaguay.com\/v2\/wp-json\/wp\/v2\/media?parent=77131"}],"wp:term":[{"taxonomy":"category","embeddable":true,"href":"https:\/\/agendaparaguay.com\/v2\/wp-json\/wp\/v2\/categories?post=77131"},{"taxonomy":"post_tag","embeddable":true,"href":"https:\/\/agendaparaguay.com\/v2\/wp-json\/wp\/v2\/tags?post=77131"}],"curies":[{"name":"wp","href":"https:\/\/api.w.org\/{rel}","templated":true}]}}