{"id":77215,"date":"2025-12-17T07:28:48","date_gmt":"2025-12-17T10:28:48","guid":{"rendered":"https:\/\/agendaparaguay.com\/v2\/?p=77215"},"modified":"2025-12-17T10:50:18","modified_gmt":"2025-12-17T13:50:18","slug":"tragico-accidente-vuelca-omnibus-que-regresaba-de-camboriu-con-estudiantes-de-luque-dejo-dos-fallecidos","status":"publish","type":"post","link":"https:\/\/agendaparaguay.com\/v2\/2025\/12\/17\/tragico-accidente-vuelca-omnibus-que-regresaba-de-camboriu-con-estudiantes-de-luque-dejo-dos-fallecidos\/","title":{"rendered":"Tr\u00e1gico accidente: vuelca \u00f3mnibus que regresaba de Cambori\u00fa con estudiantes de Luque dej\u00f3 dos fallecidos"},"content":{"rendered":"<p style=\"text-align: justify;\">Un grave accidente de tr\u00e1nsito se registr\u00f3 en las \u00faltimas horas e involucr\u00f3 a un \u00f3mnibus que retornaba de la ciudad de Cambori\u00fa, Brasil, con 37 estudiantes pertenecientes a colegios de la ciudad de Luque. Se trata de estudiantes de los colegios Santa Teresita, Amanecer y Heroes de la Patria.<!--more--><\/p>\n<p style=\"text-align: justify;\">De acuerdo con los datos preliminares ya difundidos, el siniestro dej\u00f3 como saldo dos personas fallecidas, adem\u00e1s de varios heridos, algunos de ellos con lesiones de consideraci\u00f3n. El hecho gener\u00f3 conmoci\u00f3n entre familiares y la comunidad educativa.<\/p>\n<p style=\"text-align: justify;\">Tras el accidente, se activaron los protocolos de emergencia y los heridos fueron asistidos por personal de salud y trasladados a centros asistenciales cercanos. Las autoridades competentes trabajan en el lugar para esclarecer las circunstancias exactas del siniestro.<\/p>\n<p style=\"text-align: justify;\">Hasta el momento no se dieron a conocer las identidades de las v\u00edctimas fatales ni el estado actualizado de todos los pasajeros, mientras se aguarda un informe oficial. Padres y familiares permanecen a la espera de informaci\u00f3n oficial sobre los estudiantes involucrados.<\/p>\n<p>La noticia caus\u00f3 profundo impacto en Luque, donde instituciones educativas y autoridades locales siguen de cerca la evoluci\u00f3n de la situaci\u00f3n.<\/p>\n","protected":false},"excerpt":{"rendered":"<p>Un grave accidente de tr\u00e1nsito se registr\u00f3 en las \u00faltimas horas e involucr\u00f3 a un \u00f3mnibus que retornaba de la ciudad de Cambori\u00fa, Brasil, con 37 estudiantes pertenecientes a colegios&hellip; <\/p>\n","protected":false},"author":1,"featured_media":77216,"comment_status":"closed","ping_status":"open","sticky":false,"template":"","format":"standard","meta":{"sfsi_plus_gutenberg_text_before_share":"","sfsi_plus_gutenberg_show_text_before_share":"","sfsi_plus_gutenberg_icon_type":"","sfsi_plus_gutenberg_icon_alignemt":"","sfsi_plus_gutenburg_max_per_row":"","footnotes":"","_jetpack_memberships_contains_paid_content":false,"jetpack_publicize_message":"","jetpack_publicize_feature_enabled":true,"jetpack_social_post_already_shared":true,"jetpack_social_options":{"image_generator_settings":{"template":"highway","enabled":false},"version":2}},"categories":[5],"tags":[],"jetpack_publicize_connections":[],"jetpack_sharing_enabled":true,"jetpack_featured_media_url":"https:\/\/agendaparaguay.com\/v2\/wp-content\/uploads\/2025\/12\/vuelco_de_omnibus.jpg","_links":{"self":[{"href":"https:\/\/agendaparaguay.com\/v2\/wp-json\/wp\/v2\/posts\/77215"}],"collection":[{"href":"https:\/\/agendaparaguay.com\/v2\/wp-json\/wp\/v2\/posts"}],"about":[{"href":"https:\/\/agendaparaguay.com\/v2\/wp-json\/wp\/v2\/types\/post"}],"author":[{"embeddable":true,"href":"https:\/\/agendaparaguay.com\/v2\/wp-json\/wp\/v2\/users\/1"}],"replies":[{"embeddable":true,"href":"https:\/\/agendaparaguay.com\/v2\/wp-json\/wp\/v2\/comments?post=77215"}],"version-history":[{"count":1,"href":"https:\/\/agendaparaguay.com\/v2\/wp-json\/wp\/v2\/posts\/77215\/revisions"}],"predecessor-version":[{"id":77217,"href":"https:\/\/agendaparaguay.com\/v2\/wp-json\/wp\/v2\/posts\/77215\/revisions\/77217"}],"wp:featuredmedia":[{"embeddable":true,"href":"https:\/\/agendaparaguay.com\/v2\/wp-json\/wp\/v2\/media\/77216"}],"wp:attachment":[{"href":"https:\/\/agendaparaguay.com\/v2\/wp-json\/wp\/v2\/media?parent=77215"}],"wp:term":[{"taxonomy":"category","embeddable":true,"href":"https:\/\/agendaparaguay.com\/v2\/wp-json\/wp\/v2\/categories?post=77215"},{"taxonomy":"post_tag","embeddable":true,"href":"https:\/\/agendaparaguay.com\/v2\/wp-json\/wp\/v2\/tags?post=77215"}],"curies":[{"name":"wp","href":"https:\/\/api.w.org\/{rel}","templated":true}]}}