{"id":77682,"date":"2026-01-25T09:50:03","date_gmt":"2026-01-25T12:50:03","guid":{"rendered":"https:\/\/agendaparaguay.com\/v2\/?p=77682"},"modified":"2026-01-26T08:00:20","modified_gmt":"2026-01-26T11:00:20","slug":"acuerdo-mercosur-ue-ejecutivo-convoca-al-sector-privado-para-abordar-implementacion","status":"publish","type":"post","link":"https:\/\/agendaparaguay.com\/v2\/2026\/01\/25\/acuerdo-mercosur-ue-ejecutivo-convoca-al-sector-privado-para-abordar-implementacion\/","title":{"rendered":"Acuerdo Mercosur-UE: Ejecutivo convoca al sector privado para abordar implementaci\u00f3n"},"content":{"rendered":"<p style=\"text-align: justify;\">El Poder Ejecutivo anunci\u00f3 la convocatoria a representantes del sector privado para avanzar en la implementaci\u00f3n del acuerdo Uni\u00f3n Europea\u2013Mercosur, con el objetivo de posicionar a Paraguay entre los primeros pa\u00edses en aprovechar los beneficios del entendimiento comercial. La reuni\u00f3n se realizar\u00e1 el pr\u00f3ximo jueves en la residencia presidencial Mburuvicha R\u00f3ga y contar\u00e1 con la participaci\u00f3n de referentes de los sectores industrial, productivo, tur\u00edstico y de servicios, seg\u00fan inform\u00f3 el ministro de Industria y Comercio, Javier Gim\u00e9nez.<!--more--><\/p>\n<p style=\"text-align: justify;\">El ministro se\u00f1al\u00f3 que la iniciativa busca que el acuerdo sea asumido como una causa nacional, con el respaldo del sector privado, a fin de acelerar su ratificaci\u00f3n en el Congreso Nacional. Destac\u00f3 que la implementaci\u00f3n permitir\u00e1 ampliar las exportaciones paraguayas al mercado europeo, acceder a mejores precios y facilitar la importaci\u00f3n de bienes de capital orientados al fortalecimiento de la industria local.<\/p>\n<p style=\"text-align: justify;\">Asimismo, subray\u00f3 la importancia de mejorar la competitividad mediante inversiones en infraestructura y financiamiento, tema abordado por el presidente de la Rep\u00fablica, Santiago Pe\u00f1a, en reuniones con autoridades del Banco Mundial y el Banco Interamericano de Desarrollo.<\/p>\n<p style=\"text-align: justify;\">En cuanto al proceso en Europa, el canciller nacional Rub\u00e9n Ram\u00edrez aclar\u00f3 que la decisi\u00f3n del Parlamento Europeo de remitir el acuerdo a la Corte de Justicia no implica la paralizaci\u00f3n de su tratamiento ni de su aplicaci\u00f3n preliminar. Indic\u00f3 que el acuerdo podr\u00e1 avanzar a medida que los pa\u00edses del Mercosur lo aprueben en sus respectivos parlamentos y confirm\u00f3 que el Ministerio de Relaciones Exteriores ya remiti\u00f3 el proyecto correspondiente a la Presidencia de la Rep\u00fablica para su posterior env\u00edo al Congreso Nacional.<\/p>\n","protected":false},"excerpt":{"rendered":"<p>El Poder Ejecutivo anunci\u00f3 la convocatoria a representantes del sector privado para avanzar en la implementaci\u00f3n del acuerdo Uni\u00f3n Europea\u2013Mercosur, con el objetivo de posicionar a Paraguay entre los primeros&hellip; <\/p>\n","protected":false},"author":1,"featured_media":77683,"comment_status":"closed","ping_status":"open","sticky":false,"template":"","format":"standard","meta":{"sfsi_plus_gutenberg_text_before_share":"","sfsi_plus_gutenberg_show_text_before_share":"","sfsi_plus_gutenberg_icon_type":"","sfsi_plus_gutenberg_icon_alignemt":"","sfsi_plus_gutenburg_max_per_row":"","footnotes":"","_jetpack_memberships_contains_paid_content":false,"jetpack_publicize_message":"","jetpack_publicize_feature_enabled":true,"jetpack_social_post_already_shared":true,"jetpack_social_options":{"image_generator_settings":{"template":"highway","enabled":false},"version":2}},"categories":[2],"tags":[],"jetpack_publicize_connections":[],"jetpack_sharing_enabled":true,"jetpack_featured_media_url":"https:\/\/agendaparaguay.com\/v2\/wp-content\/uploads\/2026\/01\/MIC_MRE_ramirez_lezcano.jpeg","_links":{"self":[{"href":"https:\/\/agendaparaguay.com\/v2\/wp-json\/wp\/v2\/posts\/77682"}],"collection":[{"href":"https:\/\/agendaparaguay.com\/v2\/wp-json\/wp\/v2\/posts"}],"about":[{"href":"https:\/\/agendaparaguay.com\/v2\/wp-json\/wp\/v2\/types\/post"}],"author":[{"embeddable":true,"href":"https:\/\/agendaparaguay.com\/v2\/wp-json\/wp\/v2\/users\/1"}],"replies":[{"embeddable":true,"href":"https:\/\/agendaparaguay.com\/v2\/wp-json\/wp\/v2\/comments?post=77682"}],"version-history":[{"count":1,"href":"https:\/\/agendaparaguay.com\/v2\/wp-json\/wp\/v2\/posts\/77682\/revisions"}],"predecessor-version":[{"id":77684,"href":"https:\/\/agendaparaguay.com\/v2\/wp-json\/wp\/v2\/posts\/77682\/revisions\/77684"}],"wp:featuredmedia":[{"embeddable":true,"href":"https:\/\/agendaparaguay.com\/v2\/wp-json\/wp\/v2\/media\/77683"}],"wp:attachment":[{"href":"https:\/\/agendaparaguay.com\/v2\/wp-json\/wp\/v2\/media?parent=77682"}],"wp:term":[{"taxonomy":"category","embeddable":true,"href":"https:\/\/agendaparaguay.com\/v2\/wp-json\/wp\/v2\/categories?post=77682"},{"taxonomy":"post_tag","embeddable":true,"href":"https:\/\/agendaparaguay.com\/v2\/wp-json\/wp\/v2\/tags?post=77682"}],"curies":[{"name":"wp","href":"https:\/\/api.w.org\/{rel}","templated":true}]}}