{"id":77696,"date":"2026-01-26T09:41:53","date_gmt":"2026-01-26T12:41:53","guid":{"rendered":"https:\/\/agendaparaguay.com\/v2\/?p=77696"},"modified":"2026-01-26T14:54:44","modified_gmt":"2026-01-26T17:54:44","slug":"fiscalia-investiga-asesinato-de-ciudadano-pakistani-en-capiata","status":"publish","type":"post","link":"https:\/\/agendaparaguay.com\/v2\/2026\/01\/26\/fiscalia-investiga-asesinato-de-ciudadano-pakistani-en-capiata\/","title":{"rendered":"Fiscal\u00eda investiga asesinato de ciudadano pakistan\u00ed en Capiat\u00e1"},"content":{"rendered":"<p style=\"text-align: justify;\">La agente fiscal Alicia Fern\u00e1ndez lleva adelante la investigaci\u00f3n del asesinato de un ciudadano pakistan\u00ed de 57 a\u00f1os, ocurrido en una casa quinta ubicada en la ciudad de Capiat\u00e1.<!--more--><\/p>\n<p style=\"text-align: justify;\">Datos de la pesquisa indican que el hombre se encontraba compartiendo una cena con otras dos personas, momento en que dos individuos ingresaron armados y de manera violenta al lugar. Los presentes fueron amenazados, torturados y maniatados; uno de ellos fue despojado de dinero en efectivo, aparatos celulares e incluso de su veh\u00edculo. La v\u00edctima fue apu\u00f1alada en varias partes del cuerpo y los malvivientes se alzaron con las c\u00e1maras de seguridad del sitio.<\/p>\n<p style=\"text-align: justify;\">Agentes policiales se\u00f1alaron que los vecinos fueron los primeros en alertar sobre el altercado ocurrido en el lugar. Asimismo, indicaron que los delincuentes exig\u00edan en todo momento la apertura de una caja fuerte.<\/p>\n<p style=\"text-align: justify;\">Por su parte, la fiscal interviniente manifest\u00f3 que se manejan varias hip\u00f3tesis respecto al caso y que ya se iniciaron las diligencias investigativas para esclarecer los hechos.<\/p>\n","protected":false},"excerpt":{"rendered":"<p>La agente fiscal Alicia Fern\u00e1ndez lleva adelante la investigaci\u00f3n del asesinato de un ciudadano pakistan\u00ed de 57 a\u00f1os, ocurrido en una casa quinta ubicada en la ciudad de Capiat\u00e1.<\/p>\n","protected":false},"author":1,"featured_media":77697,"comment_status":"closed","ping_status":"open","sticky":false,"template":"","format":"standard","meta":{"sfsi_plus_gutenberg_text_before_share":"","sfsi_plus_gutenberg_show_text_before_share":"","sfsi_plus_gutenberg_icon_type":"","sfsi_plus_gutenberg_icon_alignemt":"","sfsi_plus_gutenburg_max_per_row":"","footnotes":"","_jetpack_memberships_contains_paid_content":false,"jetpack_publicize_message":"","jetpack_publicize_feature_enabled":true,"jetpack_social_post_already_shared":true,"jetpack_social_options":{"image_generator_settings":{"template":"highway","enabled":false},"version":2}},"categories":[5],"tags":[],"jetpack_publicize_connections":[],"jetpack_sharing_enabled":true,"jetpack_featured_media_url":"https:\/\/agendaparaguay.com\/v2\/wp-content\/uploads\/2026\/01\/asesinato-capiata.jpg","_links":{"self":[{"href":"https:\/\/agendaparaguay.com\/v2\/wp-json\/wp\/v2\/posts\/77696"}],"collection":[{"href":"https:\/\/agendaparaguay.com\/v2\/wp-json\/wp\/v2\/posts"}],"about":[{"href":"https:\/\/agendaparaguay.com\/v2\/wp-json\/wp\/v2\/types\/post"}],"author":[{"embeddable":true,"href":"https:\/\/agendaparaguay.com\/v2\/wp-json\/wp\/v2\/users\/1"}],"replies":[{"embeddable":true,"href":"https:\/\/agendaparaguay.com\/v2\/wp-json\/wp\/v2\/comments?post=77696"}],"version-history":[{"count":1,"href":"https:\/\/agendaparaguay.com\/v2\/wp-json\/wp\/v2\/posts\/77696\/revisions"}],"predecessor-version":[{"id":77698,"href":"https:\/\/agendaparaguay.com\/v2\/wp-json\/wp\/v2\/posts\/77696\/revisions\/77698"}],"wp:featuredmedia":[{"embeddable":true,"href":"https:\/\/agendaparaguay.com\/v2\/wp-json\/wp\/v2\/media\/77697"}],"wp:attachment":[{"href":"https:\/\/agendaparaguay.com\/v2\/wp-json\/wp\/v2\/media?parent=77696"}],"wp:term":[{"taxonomy":"category","embeddable":true,"href":"https:\/\/agendaparaguay.com\/v2\/wp-json\/wp\/v2\/categories?post=77696"},{"taxonomy":"post_tag","embeddable":true,"href":"https:\/\/agendaparaguay.com\/v2\/wp-json\/wp\/v2\/tags?post=77696"}],"curies":[{"name":"wp","href":"https:\/\/api.w.org\/{rel}","templated":true}]}}