{"id":77699,"date":"2026-01-26T10:50:23","date_gmt":"2026-01-26T13:50:23","guid":{"rendered":"https:\/\/agendaparaguay.com\/v2\/?p=77699"},"modified":"2026-01-27T07:43:59","modified_gmt":"2026-01-27T10:43:59","slug":"vallejo-plantea-reformar-la-caja-parlamentaria-y-rechaza-su-eliminacion","status":"publish","type":"post","link":"https:\/\/agendaparaguay.com\/v2\/2026\/01\/26\/vallejo-plantea-reformar-la-caja-parlamentaria-y-rechaza-su-eliminacion\/","title":{"rendered":"Vallejo plantea reformar la Caja Parlamentaria y rechaza su eliminaci\u00f3n"},"content":{"rendered":"<p style=\"text-align: justify;\">La diputada por Asunci\u00f3n, Roc\u00edo Vallejo, se manifest\u00f3 a favor de impulsar una reforma profunda de la Caja Parlamentaria, aunque expres\u00f3 su desacuerdo con la eliminaci\u00f3n total del sistema.<!--more--><\/p>\n<p style=\"text-align: justify;\">La legisladora sostuvo que cualquier decisi\u00f3n debe contemplar criterios de sostenibilidad y equidad, evitando medidas que afecten de manera directa a quienes ya forman parte del r\u00e9gimen.<\/p>\n<p style=\"text-align: justify;\">En ese sentido, Vallejo se\u00f1al\u00f3 la importancia de analizar alternativas junto a expertos, especialmente para resguardar la situaci\u00f3n de los jubilados y de los aportantes con muchos a\u00f1os de contribuci\u00f3n.<\/p>\n<p style=\"text-align: justify;\">Estas declaraciones se dan en el marco del debate abierto tras la propuesta de eliminaci\u00f3n de la Caja Parlamentaria presentada por el diputado Ra\u00fal Ben\u00edtez, iniciativa que contin\u00faa generando posiciones encontradas en el Congreso.<\/p>\n","protected":false},"excerpt":{"rendered":"<p>La diputada por Asunci\u00f3n, Roc\u00edo Vallejo, se manifest\u00f3 a favor de impulsar una reforma profunda de la Caja Parlamentaria, aunque expres\u00f3 su desacuerdo con la eliminaci\u00f3n total del sistema.<\/p>\n","protected":false},"author":1,"featured_media":55951,"comment_status":"closed","ping_status":"open","sticky":false,"template":"","format":"standard","meta":{"sfsi_plus_gutenberg_text_before_share":"","sfsi_plus_gutenberg_show_text_before_share":"","sfsi_plus_gutenberg_icon_type":"","sfsi_plus_gutenberg_icon_alignemt":"","sfsi_plus_gutenburg_max_per_row":"","footnotes":"","_jetpack_memberships_contains_paid_content":false,"jetpack_publicize_message":"","jetpack_publicize_feature_enabled":true,"jetpack_social_post_already_shared":true,"jetpack_social_options":{"image_generator_settings":{"template":"highway","enabled":false},"version":2}},"categories":[2],"tags":[],"jetpack_publicize_connections":[],"jetpack_sharing_enabled":true,"jetpack_featured_media_url":"https:\/\/agendaparaguay.com\/v2\/wp-content\/uploads\/2023\/07\/rocio_vallejo_2023.jpg","_links":{"self":[{"href":"https:\/\/agendaparaguay.com\/v2\/wp-json\/wp\/v2\/posts\/77699"}],"collection":[{"href":"https:\/\/agendaparaguay.com\/v2\/wp-json\/wp\/v2\/posts"}],"about":[{"href":"https:\/\/agendaparaguay.com\/v2\/wp-json\/wp\/v2\/types\/post"}],"author":[{"embeddable":true,"href":"https:\/\/agendaparaguay.com\/v2\/wp-json\/wp\/v2\/users\/1"}],"replies":[{"embeddable":true,"href":"https:\/\/agendaparaguay.com\/v2\/wp-json\/wp\/v2\/comments?post=77699"}],"version-history":[{"count":1,"href":"https:\/\/agendaparaguay.com\/v2\/wp-json\/wp\/v2\/posts\/77699\/revisions"}],"predecessor-version":[{"id":77700,"href":"https:\/\/agendaparaguay.com\/v2\/wp-json\/wp\/v2\/posts\/77699\/revisions\/77700"}],"wp:featuredmedia":[{"embeddable":true,"href":"https:\/\/agendaparaguay.com\/v2\/wp-json\/wp\/v2\/media\/55951"}],"wp:attachment":[{"href":"https:\/\/agendaparaguay.com\/v2\/wp-json\/wp\/v2\/media?parent=77699"}],"wp:term":[{"taxonomy":"category","embeddable":true,"href":"https:\/\/agendaparaguay.com\/v2\/wp-json\/wp\/v2\/categories?post=77699"},{"taxonomy":"post_tag","embeddable":true,"href":"https:\/\/agendaparaguay.com\/v2\/wp-json\/wp\/v2\/tags?post=77699"}],"curies":[{"name":"wp","href":"https:\/\/api.w.org\/{rel}","templated":true}]}}