{"id":78393,"date":"2026-03-09T11:50:41","date_gmt":"2026-03-09T14:50:41","guid":{"rendered":"https:\/\/agendaparaguay.com\/v2\/?p=78393"},"modified":"2026-03-09T15:31:58","modified_gmt":"2026-03-09T18:31:58","slug":"reforma-de-la-caja-fiscal-trataria-el-jueves-en-sesion-extra","status":"publish","type":"post","link":"https:\/\/agendaparaguay.com\/v2\/2026\/03\/09\/reforma-de-la-caja-fiscal-trataria-el-jueves-en-sesion-extra\/","title":{"rendered":"Reforma de la Caja Fiscal tratar\u00eda el jueves en sesi\u00f3n extra"},"content":{"rendered":"<p style=\"text-align: justify;\">El presidente del Senado, Basilio N\u00fa\u00f1ez, confirm\u00f3 que el proyecto de reforma de la Caja Fiscal finalmente no ser\u00e1 tratado este mi\u00e9rcoles en sesi\u00f3n ordinaria.<!--more--><\/p>\n<p style=\"text-align: justify;\">En cambio confirm\u00f3 que existe un pedido para que la iniciativa sea abordada como \u00fanico punto del orden del d\u00eda en una sesi\u00f3n extraordinaria a ser convocada para el jueves a las 09:00.<\/p>\n<p style=\"text-align: justify;\">El titular del Congreso se\u00f1al\u00f3 que contin\u00faan las conversaciones para lograr consensos con los distintos sectores afectados.<\/p>\n<p style=\"text-align: justify;\">En ese marco, explic\u00f3 que a la mesa de di\u00e1logo con los gremios tambi\u00e9n se suma el vicepresidente de la Rep\u00fablica, Pedro Alliana, en un intento por desactivar el paro docente anunciado para este martes y mi\u00e9rcoles, mientras prosigue el debate sobre los cambios planteados al sistema de jubilaciones de la Caja Fiscal.<\/p>\n","protected":false},"excerpt":{"rendered":"<p>El presidente del Senado, Basilio N\u00fa\u00f1ez, confirm\u00f3 que el proyecto de reforma de la Caja Fiscal finalmente no ser\u00e1 tratado este mi\u00e9rcoles en sesi\u00f3n ordinaria.<\/p>\n","protected":false},"author":1,"featured_media":76929,"comment_status":"closed","ping_status":"open","sticky":false,"template":"","format":"standard","meta":{"sfsi_plus_gutenberg_text_before_share":"","sfsi_plus_gutenberg_show_text_before_share":"","sfsi_plus_gutenberg_icon_type":"","sfsi_plus_gutenberg_icon_alignemt":"","sfsi_plus_gutenburg_max_per_row":"","footnotes":"","_jetpack_memberships_contains_paid_content":false,"jetpack_publicize_message":"","jetpack_publicize_feature_enabled":true,"jetpack_social_post_already_shared":true,"jetpack_social_options":{"image_generator_settings":{"template":"highway","enabled":false},"version":2}},"categories":[3],"tags":[],"jetpack_publicize_connections":[],"jetpack_sharing_enabled":true,"jetpack_featured_media_url":"https:\/\/agendaparaguay.com\/v2\/wp-content\/uploads\/2025\/11\/bachi_nuevo.jpg","_links":{"self":[{"href":"https:\/\/agendaparaguay.com\/v2\/wp-json\/wp\/v2\/posts\/78393"}],"collection":[{"href":"https:\/\/agendaparaguay.com\/v2\/wp-json\/wp\/v2\/posts"}],"about":[{"href":"https:\/\/agendaparaguay.com\/v2\/wp-json\/wp\/v2\/types\/post"}],"author":[{"embeddable":true,"href":"https:\/\/agendaparaguay.com\/v2\/wp-json\/wp\/v2\/users\/1"}],"replies":[{"embeddable":true,"href":"https:\/\/agendaparaguay.com\/v2\/wp-json\/wp\/v2\/comments?post=78393"}],"version-history":[{"count":1,"href":"https:\/\/agendaparaguay.com\/v2\/wp-json\/wp\/v2\/posts\/78393\/revisions"}],"predecessor-version":[{"id":78394,"href":"https:\/\/agendaparaguay.com\/v2\/wp-json\/wp\/v2\/posts\/78393\/revisions\/78394"}],"wp:featuredmedia":[{"embeddable":true,"href":"https:\/\/agendaparaguay.com\/v2\/wp-json\/wp\/v2\/media\/76929"}],"wp:attachment":[{"href":"https:\/\/agendaparaguay.com\/v2\/wp-json\/wp\/v2\/media?parent=78393"}],"wp:term":[{"taxonomy":"category","embeddable":true,"href":"https:\/\/agendaparaguay.com\/v2\/wp-json\/wp\/v2\/categories?post=78393"},{"taxonomy":"post_tag","embeddable":true,"href":"https:\/\/agendaparaguay.com\/v2\/wp-json\/wp\/v2\/tags?post=78393"}],"curies":[{"name":"wp","href":"https:\/\/api.w.org\/{rel}","templated":true}]}}