{"id":78401,"date":"2026-03-09T15:43:56","date_gmt":"2026-03-09T18:43:56","guid":{"rendered":"https:\/\/agendaparaguay.com\/v2\/?p=78401"},"modified":"2026-03-10T12:39:26","modified_gmt":"2026-03-10T15:39:26","slug":"miguel-angel-del-puerto-es-el-nuevo-lider-de-bancada-de-honor-colorado","status":"publish","type":"post","link":"https:\/\/agendaparaguay.com\/v2\/2026\/03\/09\/miguel-angel-del-puerto-es-el-nuevo-lider-de-bancada-de-honor-colorado\/","title":{"rendered":"Miguel \u00c1ngel Del Puerto es el nuevo l\u00edder de bancada de Honor Colorado"},"content":{"rendered":"<p style=\"text-align: justify;\">La Bancada A del Movimiento Honor Colorado de la C\u00e1mara de Diputados eligi\u00f3 este lunes al diputado Miguel \u00c1ngel Del Puerto como su nuevo l\u00edder, en reemplazo de la diputada Roc\u00edo Abed quien hab\u00eda solicitado permiso por razones personales.<!--more--><\/p>\n<p style=\"text-align: justify;\">La decisi\u00f3n fue adoptada de manera un\u00e1nime en el marco de la reuni\u00f3n ordinaria de la bancada. As\u00ed lo confirm\u00f3 el presidente de la C\u00e1mara de Diputados, Ra\u00fal Latorre quien expres\u00f3 su satisfacci\u00f3n por el resultado.<\/p>\n<p style=\"text-align: justify;\">\u00abLa elecci\u00f3n se dio de forma un\u00e1nime\u00bb, destac\u00f3 el titular de la C\u00e1mara de Diputados, al resaltar que Del Puerto es \u00abuna persona con mucha experiencia no solo en el liderazgo partidario sino en su representaci\u00f3n parlamentaria\u00bb.<\/p>\n<p style=\"text-align: justify;\">La bancada que conducir\u00e1 Del Puerto es la m\u00e1s numerosa de la C\u00e1mara Baja, ya que cuenta con 35 parlamentarios.<\/p>\n<p style=\"text-align: justify;\">El flamante l\u00edder de bancada asumi\u00f3 el cargo con \u00e9nfasis en la responsabilidad que implica el rol. \u00abHe sido electo como nuevo l\u00edder de bancada y eso me llena de orgullo, pero por sobre todas las cosas de un gran compromiso\u00bb, se\u00f1al\u00f3 el legislador, quien reconoci\u00f3 que su antecesora \u00abdeja una vara muy alta\u00bb.<\/p>\n<p style=\"text-align: justify;\">El diputado Del Puerto indic\u00f3 que su prioridad ser\u00e1 mantener la unidad y el fortalecimiento interno de la bancada, continuando la l\u00ednea de trabajo de la legisladora Abed y promoviendo el debate sobre los temas de mayor relevancia para el pa\u00eds.<\/p>\n<p style=\"text-align: justify;\">La Bancada de Honor Colorado tambi\u00e9n confirm\u00f3 a los diputados Yamil Esgaib y Rodrigo Gamarra, como vicel\u00edderes a la agrupaci\u00f3n pol\u00edtica.<\/p>\n<p style=\"text-align: justify;\">Reforma de la C\u00e1mara Fiscal y otras agendas pendientes<\/p>\n<p style=\"text-align: justify;\">Uno de los temas que tendr\u00e1 en su agenda inmediata el nuevo l\u00edder es el seguimiento de la reforma de la Caja Fiscal, cuyo tratamiento se encuentra actualmente en la C\u00e1mara de Senadores, donde se analizan posibles modificaciones al texto aprobado por Diputados.<\/p>\n<p style=\"text-align: justify;\">Del Puerto se\u00f1al\u00f3 al respecto que la bancada aguardar\u00e1 lo que resuelva la C\u00e1mara Alta antes de retomar conversaciones con el vicepresidente de la Rep\u00fablica, quien lleva adelante las negociaciones al respecto.<\/p>\n<p style=\"text-align: justify;\">Reconoci\u00f3 adem\u00e1s que, durante el tratamiento en Diputados, la bancada evalu\u00f3 la posibilidad de introducir m\u00e1s cambios al proyecto original del Poder Ejecutivo, aunque finalmente optaron por acompa\u00f1ar la versi\u00f3n que lleg\u00f3 del Poder Ejecutivo. \u00abConfiamos en las explicaciones t\u00e9cnicas que nos dieron\u00bb, afirm\u00f3.<\/p>\n<p style=\"text-align: justify;\">Respecto a la propuesta surgida en el Senado de retirar a dos gobernaciones la administraci\u00f3n del Plan Hambre Cero, Del Puerto indic\u00f3 que la bancada a\u00fan no tiene una posici\u00f3n definida y que analizar\u00e1 la cuesti\u00f3n con calma.<\/p>\n<p style=\"text-align: justify;\">A t\u00edtulo personal, el legislador se manifest\u00f3 a favor de la descentralizaci\u00f3n, en contraposici\u00f3n a cualquier intento de volver a concentrar recursos en el nivel central.<\/p>\n","protected":false},"excerpt":{"rendered":"<p>La Bancada A del Movimiento Honor Colorado de la C\u00e1mara de Diputados eligi\u00f3 este lunes al diputado Miguel \u00c1ngel Del Puerto como su nuevo l\u00edder, en reemplazo de la diputada&hellip; <\/p>\n","protected":false},"author":1,"featured_media":78402,"comment_status":"closed","ping_status":"open","sticky":false,"template":"","format":"standard","meta":{"sfsi_plus_gutenberg_text_before_share":"","sfsi_plus_gutenberg_show_text_before_share":"","sfsi_plus_gutenberg_icon_type":"","sfsi_plus_gutenberg_icon_alignemt":"","sfsi_plus_gutenburg_max_per_row":"","footnotes":"","_jetpack_memberships_contains_paid_content":false,"jetpack_publicize_message":"","jetpack_publicize_feature_enabled":true,"jetpack_social_post_already_shared":true,"jetpack_social_options":{"image_generator_settings":{"template":"highway","enabled":false},"version":2}},"categories":[4],"tags":[],"jetpack_publicize_connections":[],"jetpack_sharing_enabled":true,"jetpack_featured_media_url":"https:\/\/agendaparaguay.com\/v2\/wp-content\/uploads\/2026\/03\/bancada_hc-diputados.jpg","_links":{"self":[{"href":"https:\/\/agendaparaguay.com\/v2\/wp-json\/wp\/v2\/posts\/78401"}],"collection":[{"href":"https:\/\/agendaparaguay.com\/v2\/wp-json\/wp\/v2\/posts"}],"about":[{"href":"https:\/\/agendaparaguay.com\/v2\/wp-json\/wp\/v2\/types\/post"}],"author":[{"embeddable":true,"href":"https:\/\/agendaparaguay.com\/v2\/wp-json\/wp\/v2\/users\/1"}],"replies":[{"embeddable":true,"href":"https:\/\/agendaparaguay.com\/v2\/wp-json\/wp\/v2\/comments?post=78401"}],"version-history":[{"count":1,"href":"https:\/\/agendaparaguay.com\/v2\/wp-json\/wp\/v2\/posts\/78401\/revisions"}],"predecessor-version":[{"id":78403,"href":"https:\/\/agendaparaguay.com\/v2\/wp-json\/wp\/v2\/posts\/78401\/revisions\/78403"}],"wp:featuredmedia":[{"embeddable":true,"href":"https:\/\/agendaparaguay.com\/v2\/wp-json\/wp\/v2\/media\/78402"}],"wp:attachment":[{"href":"https:\/\/agendaparaguay.com\/v2\/wp-json\/wp\/v2\/media?parent=78401"}],"wp:term":[{"taxonomy":"category","embeddable":true,"href":"https:\/\/agendaparaguay.com\/v2\/wp-json\/wp\/v2\/categories?post=78401"},{"taxonomy":"post_tag","embeddable":true,"href":"https:\/\/agendaparaguay.com\/v2\/wp-json\/wp\/v2\/tags?post=78401"}],"curies":[{"name":"wp","href":"https:\/\/api.w.org\/{rel}","templated":true}]}}