{"id":78523,"date":"2026-03-16T12:21:38","date_gmt":"2026-03-16T15:21:38","guid":{"rendered":"https:\/\/agendaparaguay.com\/v2\/?p=78523"},"modified":"2026-03-16T19:17:23","modified_gmt":"2026-03-16T22:17:23","slug":"bachi-nunez-respalda-a-fernandez-valdovinos-y-cuestiona-pedido-de-diputados-para-su-salida","status":"publish","type":"post","link":"https:\/\/agendaparaguay.com\/v2\/2026\/03\/16\/bachi-nunez-respalda-a-fernandez-valdovinos-y-cuestiona-pedido-de-diputados-para-su-salida\/","title":{"rendered":"\u00abBachi\u00bb N\u00fa\u00f1ez respalda a Fern\u00e1ndez Valdovinos y cuestiona pedido de Diputados para su salida"},"content":{"rendered":"<p style=\"text-align: justify;\">El presidente del Congreso Nacional, el senador Basilio N\u00fa\u00f1ez, expres\u00f3 su respaldo al ministro de Econom\u00eda, Carlos Fern\u00e1ndez Valdovinos, destacando su gesti\u00f3n al frente de la cartera econ\u00f3mica y su rol en la implementaci\u00f3n de reformas, clave para la estabilidad financiera del pa\u00eds.<!--more--><\/p>\n<p style=\"text-align: justify;\">N\u00fa\u00f1ez resalt\u00f3 que durante la gesti\u00f3n de Fern\u00e1ndez Valdovinos Paraguay alcanz\u00f3 dos grados de inversi\u00f3n, lo que, seg\u00fan afirm\u00f3, representa un importante logro para la credibilidad econ\u00f3mica del pa\u00eds a nivel internacional.<\/p>\n<p style=\"text-align: justify;\">Asimismo, subray\u00f3 el impulso dado por el ministro a la reforma de la Caja Fiscal, iniciativa que \u2014seg\u00fan sostuvo\u2014 permitir\u00e1 evitar que el sistema del sector p\u00fablico se convierta en \u201cuna bomba de tiempo\u201d para las pr\u00f3ximas administraciones.<\/p>\n<p style=\"text-align: justify;\">El titular del Congreso tambi\u00e9n manifest\u00f3 su desacuerdo con la postura de algunos diputados que plantean la salida del ministro. A su criterio, la labor de Fern\u00e1ndez Valdovinos apunta justamente a corregir la millonaria p\u00e9rdida que arrastra el Estado debido a la situaci\u00f3n financiera de la Caja Fiscal, por lo que consider\u00f3 necesario acompa\u00f1ar las medidas orientadas a garantizar la sostenibilidad del sistema.<\/p>\n","protected":false},"excerpt":{"rendered":"<p>El presidente del Congreso Nacional, el senador Basilio N\u00fa\u00f1ez, expres\u00f3 su respaldo al ministro de Econom\u00eda, Carlos Fern\u00e1ndez Valdovinos, destacando su gesti\u00f3n al frente de la cartera econ\u00f3mica y su&hellip; <\/p>\n","protected":false},"author":1,"featured_media":76929,"comment_status":"closed","ping_status":"open","sticky":false,"template":"","format":"standard","meta":{"sfsi_plus_gutenberg_text_before_share":"","sfsi_plus_gutenberg_show_text_before_share":"","sfsi_plus_gutenberg_icon_type":"","sfsi_plus_gutenberg_icon_alignemt":"","sfsi_plus_gutenburg_max_per_row":"","footnotes":"","_jetpack_memberships_contains_paid_content":false,"jetpack_publicize_message":"","jetpack_publicize_feature_enabled":true,"jetpack_social_post_already_shared":true,"jetpack_social_options":{"image_generator_settings":{"template":"highway","enabled":false},"version":2}},"categories":[2],"tags":[],"jetpack_publicize_connections":[],"jetpack_sharing_enabled":true,"jetpack_featured_media_url":"https:\/\/agendaparaguay.com\/v2\/wp-content\/uploads\/2025\/11\/bachi_nuevo.jpg","_links":{"self":[{"href":"https:\/\/agendaparaguay.com\/v2\/wp-json\/wp\/v2\/posts\/78523"}],"collection":[{"href":"https:\/\/agendaparaguay.com\/v2\/wp-json\/wp\/v2\/posts"}],"about":[{"href":"https:\/\/agendaparaguay.com\/v2\/wp-json\/wp\/v2\/types\/post"}],"author":[{"embeddable":true,"href":"https:\/\/agendaparaguay.com\/v2\/wp-json\/wp\/v2\/users\/1"}],"replies":[{"embeddable":true,"href":"https:\/\/agendaparaguay.com\/v2\/wp-json\/wp\/v2\/comments?post=78523"}],"version-history":[{"count":1,"href":"https:\/\/agendaparaguay.com\/v2\/wp-json\/wp\/v2\/posts\/78523\/revisions"}],"predecessor-version":[{"id":78524,"href":"https:\/\/agendaparaguay.com\/v2\/wp-json\/wp\/v2\/posts\/78523\/revisions\/78524"}],"wp:featuredmedia":[{"embeddable":true,"href":"https:\/\/agendaparaguay.com\/v2\/wp-json\/wp\/v2\/media\/76929"}],"wp:attachment":[{"href":"https:\/\/agendaparaguay.com\/v2\/wp-json\/wp\/v2\/media?parent=78523"}],"wp:term":[{"taxonomy":"category","embeddable":true,"href":"https:\/\/agendaparaguay.com\/v2\/wp-json\/wp\/v2\/categories?post=78523"},{"taxonomy":"post_tag","embeddable":true,"href":"https:\/\/agendaparaguay.com\/v2\/wp-json\/wp\/v2\/tags?post=78523"}],"curies":[{"name":"wp","href":"https:\/\/api.w.org\/{rel}","templated":true}]}}