{"id":78562,"date":"2026-03-17T20:19:55","date_gmt":"2026-03-17T23:19:55","guid":{"rendered":"https:\/\/agendaparaguay.com\/v2\/?p=78562"},"modified":"2026-03-17T20:19:55","modified_gmt":"2026-03-17T23:19:55","slug":"latorre-plantea-profunda-reforma-estructural-del-ips","status":"publish","type":"post","link":"https:\/\/agendaparaguay.com\/v2\/2026\/03\/17\/latorre-plantea-profunda-reforma-estructural-del-ips\/","title":{"rendered":"Latorre plantea \u201cprofunda reforma estructural\u201d del IPS"},"content":{"rendered":"<p style=\"text-align: justify;\">El presidente de Diputados, Ra\u00fal Latorre se refiri\u00f3 a la situaci\u00f3n del Instituto de Previsi\u00f3n Social (IPS) y la necesidad de llevar adelante una profunda reforma.<!--more--><\/p>\n<p style=\"text-align: justify;\">\u201cEl IPS requiere de una importante reforma estructural, le est\u00e1 costando much\u00edsimo dar una cobertura de salud de calidad\u201d, afirm\u00f3 el legislador, al advertir sobre las dificultades del sistema actual.<\/p>\n<p style=\"text-align: justify;\">En ese sentido, explic\u00f3 que su visi\u00f3n sobre la previsional se centra en dos aspectos fundamentales: \u201cLa primera es la necesidad de avanzar con una profunda reforma estructural, lo que tiene que ver con la cuesti\u00f3n de la seguridad social; y la otra es la provisi\u00f3n de servicios de salud\u201d.<\/p>\n<p style=\"text-align: justify;\">Asimismo, subray\u00f3 el impacto que tiene el funcionamiento del IPS en la ciudadan\u00eda: \u201cHay much\u00edsimos paraguayos que dependen de la provisi\u00f3n de servicios de salud del IPS, que bajo este sistema ya no va m\u00e1s\u201d.<\/p>\n<p style=\"text-align: justify;\">El presidente Latorre indic\u00f3 que, m\u00e1s all\u00e1 de un eventual cambio de autoridades, el problema es de fondo: \u201cPodemos cambiar o no cambiar al actual titular, pero si nosotros no hacemos una profunda reforma estructural, la gente va a seguir sufriendo con respecto a la salud\u201d, se\u00f1al\u00f3.<\/p>\n<p style=\"text-align: justify;\">Finalmente, remarc\u00f3 la necesidad de que el titular del IPS brinde explicaciones sobre la situaci\u00f3n: \u201cEl presidente del IPS tiene que venir a dar explicaciones, tiene que venir a decir por qu\u00e9 existen estos problemas y cu\u00e1les son sus planteamientos con respecto a las soluciones\u201d.<\/p>\n<p style=\"text-align: justify;\">No obstante, aclar\u00f3 que el mecanismo para ello ser\u00e1 definido por los legisladores: \u201cLo vamos a hacer a trav\u00e9s de una interpelaci\u00f3n; lo vamos a hacer a trav\u00e9s de una reuni\u00f3n; lo vamos a hacer a trav\u00e9s de la mesa directiva. Los colegas van a decidir\u201d, finaliz\u00f3.<\/p>\n","protected":false},"excerpt":{"rendered":"<p>El presidente de Diputados, Ra\u00fal Latorre se refiri\u00f3 a la situaci\u00f3n del Instituto de Previsi\u00f3n Social (IPS) y la necesidad de llevar adelante una profunda reforma.<\/p>\n","protected":false},"author":1,"featured_media":76496,"comment_status":"closed","ping_status":"open","sticky":false,"template":"","format":"standard","meta":{"sfsi_plus_gutenberg_text_before_share":"","sfsi_plus_gutenberg_show_text_before_share":"","sfsi_plus_gutenberg_icon_type":"","sfsi_plus_gutenberg_icon_alignemt":"","sfsi_plus_gutenburg_max_per_row":"","footnotes":"","_jetpack_memberships_contains_paid_content":false,"jetpack_publicize_message":"","jetpack_publicize_feature_enabled":true,"jetpack_social_post_already_shared":true,"jetpack_social_options":{"image_generator_settings":{"template":"highway","enabled":false},"version":2}},"categories":[4],"tags":[],"jetpack_publicize_connections":[],"jetpack_sharing_enabled":true,"jetpack_featured_media_url":"https:\/\/agendaparaguay.com\/v2\/wp-content\/uploads\/2025\/11\/latorre_eeuu.jpg","_links":{"self":[{"href":"https:\/\/agendaparaguay.com\/v2\/wp-json\/wp\/v2\/posts\/78562"}],"collection":[{"href":"https:\/\/agendaparaguay.com\/v2\/wp-json\/wp\/v2\/posts"}],"about":[{"href":"https:\/\/agendaparaguay.com\/v2\/wp-json\/wp\/v2\/types\/post"}],"author":[{"embeddable":true,"href":"https:\/\/agendaparaguay.com\/v2\/wp-json\/wp\/v2\/users\/1"}],"replies":[{"embeddable":true,"href":"https:\/\/agendaparaguay.com\/v2\/wp-json\/wp\/v2\/comments?post=78562"}],"version-history":[{"count":1,"href":"https:\/\/agendaparaguay.com\/v2\/wp-json\/wp\/v2\/posts\/78562\/revisions"}],"predecessor-version":[{"id":78563,"href":"https:\/\/agendaparaguay.com\/v2\/wp-json\/wp\/v2\/posts\/78562\/revisions\/78563"}],"wp:featuredmedia":[{"embeddable":true,"href":"https:\/\/agendaparaguay.com\/v2\/wp-json\/wp\/v2\/media\/76496"}],"wp:attachment":[{"href":"https:\/\/agendaparaguay.com\/v2\/wp-json\/wp\/v2\/media?parent=78562"}],"wp:term":[{"taxonomy":"category","embeddable":true,"href":"https:\/\/agendaparaguay.com\/v2\/wp-json\/wp\/v2\/categories?post=78562"},{"taxonomy":"post_tag","embeddable":true,"href":"https:\/\/agendaparaguay.com\/v2\/wp-json\/wp\/v2\/tags?post=78562"}],"curies":[{"name":"wp","href":"https:\/\/api.w.org\/{rel}","templated":true}]}}