{"id":79140,"date":"2026-04-27T11:45:23","date_gmt":"2026-04-27T14:45:23","guid":{"rendered":"https:\/\/agendaparaguay.com\/v2\/?p=79140"},"modified":"2026-04-27T12:46:13","modified_gmt":"2026-04-27T15:46:13","slug":"hoy-cobran-mas-de-11-000-nuevos-beneficiarios-de-la-pension-para-adultos-mayores","status":"publish","type":"post","link":"https:\/\/agendaparaguay.com\/v2\/2026\/04\/27\/hoy-cobran-mas-de-11-000-nuevos-beneficiarios-de-la-pension-para-adultos-mayores\/","title":{"rendered":"Hoy cobran m\u00e1s de 11.000 nuevos beneficiarios de la pensi\u00f3n para Adultos Mayores"},"content":{"rendered":"<p style=\"text-align: justify;\">Este lunes 27 arranca el pago correspondiente al programa de pensi\u00f3n alimentaria para Adultos Mayores, con la inclusi\u00f3n de los nuevos beneficiarios incorporados durante el mes de abril. El grupo incluido corresponde principalmente a personas de 68 a\u00f1os cumplidos, nacidas hasta noviembre de 1957.<!--more--><\/p>\n<p style=\"text-align: justify;\">En esta nueva tanda, el MDS inform\u00f3 que ser\u00e1n incorporadas 11.146 personas, distribuidas en 8.062 beneficiarios de 68 a\u00f1os, 1.778 personas de 69 a\u00f1os y m\u00e1s, 285 miembros de comunidades ind\u00edgenas, 251 personas con discapacidad, 40 extranjeros residentes en el pa\u00eds y 730 beneficiarios reintegrados al programa tras la regularizaci\u00f3n de sus cuentas.<\/p>\n<p style=\"text-align: justify;\">El ministro, Tadeo Rojas, adelant\u00f3 que en mayo se completar\u00e1 la inclusi\u00f3n de unas 3.000 personas m\u00e1s del grupo de 68 a\u00f1os, nacidas entre diciembre de 1957 y abril de 1958, en el marco del proceso de universalizaci\u00f3n del programa establecido por la nueva ley.<\/p>\n<p style=\"text-align: justify;\">En cuanto a la inversi\u00f3n, indic\u00f3 que los pagos realizados en abril representan un desembolso aproximado de 40.000 millones de guaran\u00edes. Fuente: Ip<\/p>\n<p>&nbsp;<\/p>\n","protected":false},"excerpt":{"rendered":"<p>Este lunes 27 arranca el pago correspondiente al programa de pensi\u00f3n alimentaria para Adultos Mayores, con la inclusi\u00f3n de los nuevos beneficiarios incorporados durante el mes de abril. El grupo&hellip; <\/p>\n","protected":false},"author":1,"featured_media":79087,"comment_status":"closed","ping_status":"open","sticky":false,"template":"","format":"standard","meta":{"sfsi_plus_gutenberg_text_before_share":"","sfsi_plus_gutenberg_show_text_before_share":"","sfsi_plus_gutenberg_icon_type":"","sfsi_plus_gutenberg_icon_alignemt":"","sfsi_plus_gutenburg_max_per_row":"","footnotes":"","_jetpack_memberships_contains_paid_content":false,"jetpack_publicize_message":"","jetpack_publicize_feature_enabled":true,"jetpack_social_post_already_shared":true,"jetpack_social_options":{"image_generator_settings":{"template":"highway","enabled":false},"version":2}},"categories":[5],"tags":[],"jetpack_publicize_connections":[],"jetpack_sharing_enabled":true,"jetpack_featured_media_url":"https:\/\/agendaparaguay.com\/v2\/wp-content\/uploads\/2026\/04\/mds_adultos.jpg","_links":{"self":[{"href":"https:\/\/agendaparaguay.com\/v2\/wp-json\/wp\/v2\/posts\/79140"}],"collection":[{"href":"https:\/\/agendaparaguay.com\/v2\/wp-json\/wp\/v2\/posts"}],"about":[{"href":"https:\/\/agendaparaguay.com\/v2\/wp-json\/wp\/v2\/types\/post"}],"author":[{"embeddable":true,"href":"https:\/\/agendaparaguay.com\/v2\/wp-json\/wp\/v2\/users\/1"}],"replies":[{"embeddable":true,"href":"https:\/\/agendaparaguay.com\/v2\/wp-json\/wp\/v2\/comments?post=79140"}],"version-history":[{"count":1,"href":"https:\/\/agendaparaguay.com\/v2\/wp-json\/wp\/v2\/posts\/79140\/revisions"}],"predecessor-version":[{"id":79141,"href":"https:\/\/agendaparaguay.com\/v2\/wp-json\/wp\/v2\/posts\/79140\/revisions\/79141"}],"wp:featuredmedia":[{"embeddable":true,"href":"https:\/\/agendaparaguay.com\/v2\/wp-json\/wp\/v2\/media\/79087"}],"wp:attachment":[{"href":"https:\/\/agendaparaguay.com\/v2\/wp-json\/wp\/v2\/media?parent=79140"}],"wp:term":[{"taxonomy":"category","embeddable":true,"href":"https:\/\/agendaparaguay.com\/v2\/wp-json\/wp\/v2\/categories?post=79140"},{"taxonomy":"post_tag","embeddable":true,"href":"https:\/\/agendaparaguay.com\/v2\/wp-json\/wp\/v2\/tags?post=79140"}],"curies":[{"name":"wp","href":"https:\/\/api.w.org\/{rel}","templated":true}]}}