{"id":79165,"date":"2026-04-28T10:08:04","date_gmt":"2026-04-28T13:08:04","guid":{"rendered":"https:\/\/agendaparaguay.com\/v2\/?p=79165"},"modified":"2026-04-28T10:08:04","modified_gmt":"2026-04-28T13:08:04","slug":"diputado-disidente-rechaza-modificar-ley-de-senaduria-vitalicia-y-califica-iniciativa-de-innecesaria","status":"publish","type":"post","link":"https:\/\/agendaparaguay.com\/v2\/2026\/04\/28\/diputado-disidente-rechaza-modificar-ley-de-senaduria-vitalicia-y-califica-iniciativa-de-innecesaria\/","title":{"rendered":"Diputado disidente rechaza modificar ley de senadur\u00eda vitalicia y califica iniciativa de \u00abinnecesaria\u00bb"},"content":{"rendered":"<p style=\"text-align: justify;\">El diputado colorado disidente Roberto Gonz\u00e1lez se pronunci\u00f3 en contra del proyecto impulsado por el movimiento Honor Colorado que busca reglamentar la figura de la senadur\u00eda vitalicia, con el objetivo de permitir a expresidentes de la Rep\u00fablica ocupar cargos electivos.<\/p>\n<p style=\"text-align: justify;\">En declaraciones a la Megacadena, el legislador sostuvo que no existe necesidad de modificar la normativa vigente, ya que \u2014seg\u00fan afirm\u00f3\u2014 la Constituci\u00f3n Nacional no establece inhabilidades para los senadores vitalicios y la Corte Suprema de Justicia ya se ha expedido sobre el tema.<\/p>\n<p style=\"text-align: justify;\">Gonz\u00e1lez consider\u00f3 que la iniciativa resulta redundante y desv\u00eda la atenci\u00f3n de los problemas prioritarios de la ciudadan\u00eda. \u201cLa Constituci\u00f3n no dice en ning\u00fan momento que un senador vitalicio no pueda ejercer otro cargo electivo o designativo\u201d, expres\u00f3.<\/p>\n<p style=\"text-align: justify;\">El parlamentario, perteneciente al movimiento A\u00f1etet\u00e9, remarc\u00f3 que la senadur\u00eda vitalicia constituye un cargo honor\u00edfico y un reconocimiento democr\u00e1tico, y no una sanci\u00f3n ni una limitaci\u00f3n para el ejercicio de funciones p\u00fablicas.<\/p>\n<p>A su criterio, avanzar con una modificaci\u00f3n legal en este sentido equivale a \u201cllover sobre mojado\u201d y representa un caso de sobrelegislaci\u00f3n innecesaria.<\/p>\n","protected":false},"excerpt":{"rendered":"<p>El diputado colorado disidente Roberto Gonz\u00e1lez se pronunci\u00f3 en contra del proyecto impulsado por el movimiento Honor Colorado que busca reglamentar la figura de la senadur\u00eda vitalicia, con el objetivo&hellip; <\/p>\n","protected":false},"author":1,"featured_media":44230,"comment_status":"closed","ping_status":"open","sticky":false,"template":"","format":"standard","meta":{"sfsi_plus_gutenberg_text_before_share":"","sfsi_plus_gutenberg_show_text_before_share":"","sfsi_plus_gutenberg_icon_type":"","sfsi_plus_gutenberg_icon_alignemt":"","sfsi_plus_gutenburg_max_per_row":"","footnotes":"","_jetpack_memberships_contains_paid_content":false,"jetpack_publicize_message":"","jetpack_publicize_feature_enabled":true,"jetpack_social_post_already_shared":true,"jetpack_social_options":{"image_generator_settings":{"template":"highway","enabled":false},"version":2}},"categories":[145,4],"tags":[],"jetpack_publicize_connections":[],"jetpack_sharing_enabled":true,"jetpack_featured_media_url":"https:\/\/agendaparaguay.com\/v2\/wp-content\/uploads\/2022\/05\/Dip._Roberto_Gonzalez.jpg","_links":{"self":[{"href":"https:\/\/agendaparaguay.com\/v2\/wp-json\/wp\/v2\/posts\/79165"}],"collection":[{"href":"https:\/\/agendaparaguay.com\/v2\/wp-json\/wp\/v2\/posts"}],"about":[{"href":"https:\/\/agendaparaguay.com\/v2\/wp-json\/wp\/v2\/types\/post"}],"author":[{"embeddable":true,"href":"https:\/\/agendaparaguay.com\/v2\/wp-json\/wp\/v2\/users\/1"}],"replies":[{"embeddable":true,"href":"https:\/\/agendaparaguay.com\/v2\/wp-json\/wp\/v2\/comments?post=79165"}],"version-history":[{"count":1,"href":"https:\/\/agendaparaguay.com\/v2\/wp-json\/wp\/v2\/posts\/79165\/revisions"}],"predecessor-version":[{"id":79166,"href":"https:\/\/agendaparaguay.com\/v2\/wp-json\/wp\/v2\/posts\/79165\/revisions\/79166"}],"wp:featuredmedia":[{"embeddable":true,"href":"https:\/\/agendaparaguay.com\/v2\/wp-json\/wp\/v2\/media\/44230"}],"wp:attachment":[{"href":"https:\/\/agendaparaguay.com\/v2\/wp-json\/wp\/v2\/media?parent=79165"}],"wp:term":[{"taxonomy":"category","embeddable":true,"href":"https:\/\/agendaparaguay.com\/v2\/wp-json\/wp\/v2\/categories?post=79165"},{"taxonomy":"post_tag","embeddable":true,"href":"https:\/\/agendaparaguay.com\/v2\/wp-json\/wp\/v2\/tags?post=79165"}],"curies":[{"name":"wp","href":"https:\/\/api.w.org\/{rel}","templated":true}]}}