{"id":81143,"date":"2026-08-31T11:24:59","date_gmt":"2026-08-31T14:24:59","guid":{"rendered":"https:\/\/agendaparaguay.com\/v2\/?p=81143"},"modified":"2026-08-31T12:25:58","modified_gmt":"2026-08-31T15:25:58","slug":"lilian-pide-a-pena-y-a-salud-no-aceptar-renuncias-de-medicos-especialistas","status":"publish","type":"post","link":"https:\/\/agendaparaguay.com\/v2\/2026\/08\/31\/lilian-pide-a-pena-y-a-salud-no-aceptar-renuncias-de-medicos-especialistas\/","title":{"rendered":"Lilian pide a Pe\u00f1a y a Salud no aceptar renuncias de m\u00e9dicos especialistas"},"content":{"rendered":"<p style=\"text-align: justify;\">La senadora Lilian Samaniego pidi\u00f3 al presidente Santiago Pe\u00f1a y a la ministra de Salud que no acepten las renuncias masivas presentadas por m\u00e9dicos especialistas, ante el agravamiento del conflicto con el sector sanitario.<!--more--><\/p>\n<p style=\"text-align: justify;\">La legisladora advirti\u00f3 que la situaci\u00f3n podr\u00eda profundizarse con la salida de profesionales y cuestion\u00f3 la falta de una propuesta concreta por parte del Poder Ejecutivo para destrabar el conflicto.<\/p>\n<p style=\"text-align: justify;\">\u201cLes pido que destraben a trav\u00e9s del di\u00e1logo\u201d, sostuvo la legisladora, quien record\u00f3 que desde hace tiempo viene alertando sobre el escenario que podr\u00eda generarse si no se encontraba una soluci\u00f3n al reclamo de los m\u00e9dicos.<\/p>\n<p style=\"text-align: justify;\">La senadora se\u00f1al\u00f3 que anteriormente plante\u00f3 un punto intermedio, viable y realizable, que permitir\u00eda avanzar hacia un acuerdo si existe voluntad pol\u00edtica de ambas partes.<\/p>\n<p style=\"text-align: justify;\">Asimismo, lament\u00f3 que el conflicto haya llegado a una huelga y ahora a la presentaci\u00f3n de renuncias de especialistas, por lo que insisti\u00f3 en la necesidad de una soluci\u00f3n urgente mediante el di\u00e1logo.<\/p>\n<p style=\"text-align: justify;\">\u201cAhora queda destrabar el conflicto urgente\u201d, afirm\u00f3 Samaniego, al reiterar su llamado al Ejecutivo para evitar que la crisis se agrave y termine afectando a\u00fan m\u00e1s la atenci\u00f3n en los servicios de salud.<\/p>\n","protected":false},"excerpt":{"rendered":"<p>La senadora Lilian Samaniego pidi\u00f3 al presidente Santiago Pe\u00f1a y a la ministra de Salud que no acepten las renuncias masivas presentadas por m\u00e9dicos especialistas, ante el agravamiento del conflicto&hellip; <\/p>\n","protected":false},"author":1,"featured_media":79259,"comment_status":"closed","ping_status":"open","sticky":false,"template":"","format":"standard","meta":{"sfsi_plus_gutenberg_text_before_share":"","sfsi_plus_gutenberg_show_text_before_share":"","sfsi_plus_gutenberg_icon_type":"","sfsi_plus_gutenberg_icon_alignemt":"","sfsi_plus_gutenburg_max_per_row":"","footnotes":"","_jetpack_memberships_contains_paid_content":false,"jetpack_publicize_message":"","jetpack_publicize_feature_enabled":true,"jetpack_social_post_already_shared":true,"jetpack_social_options":{"image_generator_settings":{"template":"highway","enabled":false},"version":2}},"categories":[145,3],"tags":[],"jetpack_publicize_connections":[],"jetpack_sharing_enabled":true,"jetpack_featured_media_url":"https:\/\/agendaparaguay.com\/v2\/wp-content\/uploads\/2026\/05\/lilian_samaniego_3.jpg","_links":{"self":[{"href":"https:\/\/agendaparaguay.com\/v2\/wp-json\/wp\/v2\/posts\/81143"}],"collection":[{"href":"https:\/\/agendaparaguay.com\/v2\/wp-json\/wp\/v2\/posts"}],"about":[{"href":"https:\/\/agendaparaguay.com\/v2\/wp-json\/wp\/v2\/types\/post"}],"author":[{"embeddable":true,"href":"https:\/\/agendaparaguay.com\/v2\/wp-json\/wp\/v2\/users\/1"}],"replies":[{"embeddable":true,"href":"https:\/\/agendaparaguay.com\/v2\/wp-json\/wp\/v2\/comments?post=81143"}],"version-history":[{"count":1,"href":"https:\/\/agendaparaguay.com\/v2\/wp-json\/wp\/v2\/posts\/81143\/revisions"}],"predecessor-version":[{"id":81144,"href":"https:\/\/agendaparaguay.com\/v2\/wp-json\/wp\/v2\/posts\/81143\/revisions\/81144"}],"wp:featuredmedia":[{"embeddable":true,"href":"https:\/\/agendaparaguay.com\/v2\/wp-json\/wp\/v2\/media\/79259"}],"wp:attachment":[{"href":"https:\/\/agendaparaguay.com\/v2\/wp-json\/wp\/v2\/media?parent=81143"}],"wp:term":[{"taxonomy":"category","embeddable":true,"href":"https:\/\/agendaparaguay.com\/v2\/wp-json\/wp\/v2\/categories?post=81143"},{"taxonomy":"post_tag","embeddable":true,"href":"https:\/\/agendaparaguay.com\/v2\/wp-json\/wp\/v2\/tags?post=81143"}],"curies":[{"name":"wp","href":"https:\/\/api.w.org\/{rel}","templated":true}]}}