{"id":81247,"date":"2026-09-06T18:02:30","date_gmt":"2026-09-06T21:02:30","guid":{"rendered":"https:\/\/agendaparaguay.com\/v2\/?p=81247"},"modified":"2026-09-06T18:02:30","modified_gmt":"2026-09-06T21:02:30","slug":"canciller-ramirez-lezcano-viaja-a-europa-para-avanzar-en-agenda-con-la-ue-y-la-ocde","status":"publish","type":"post","link":"https:\/\/agendaparaguay.com\/v2\/2026\/09\/06\/canciller-ramirez-lezcano-viaja-a-europa-para-avanzar-en-agenda-con-la-ue-y-la-ocde\/","title":{"rendered":"Canciller Ram\u00edrez Lezcano viaja a Europa para avanzar en agenda con la UE y la OCDE"},"content":{"rendered":"<p style=\"text-align: justify;\" data-start=\"89\" data-end=\"454\">El ministro de Relaciones Exteriores, <strong data-start=\"127\" data-end=\"152\">Rub\u00e9n Ram\u00edrez Lezcano<\/strong>, arrib\u00f3 a Bruselas, donde desde este lunes 7 de septiembre mantendr\u00e1 una serie de reuniones con autoridades de la <strong data-start=\"267\" data-end=\"289\">Uni\u00f3n Europea (UE)<\/strong>. La agenda diplom\u00e1tica tendr\u00e1 como uno de sus principales ejes el acuerdo entre el <strong data-start=\"373\" data-end=\"393\">Mercosur y la UE<\/strong>, adem\u00e1s de las cuotas contempladas dentro del entendimiento.<\/p>\n<p style=\"text-align: justify;\" data-start=\"456\" data-end=\"829\">Durante su estad\u00eda en Bruselas, el canciller abordar\u00e1 con representantes europeos los aspectos de inter\u00e9s para Paraguay vinculados al acuerdo comercial y las oportunidades que podr\u00eda generar para el pa\u00eds. Las conversaciones se desarrollan en un contexto de seguimiento a las negociaciones y de an\u00e1lisis de las condiciones previstas para los pa\u00edses integrantes del Mercosur.<\/p>\n<p style=\"text-align: justify;\" data-start=\"831\" data-end=\"1156\">Posteriormente, el mi\u00e9rcoles, Ram\u00edrez Lezcano viajar\u00e1 a <strong data-start=\"887\" data-end=\"896\">Par\u00eds<\/strong>, donde tiene previsto reunirse con el ministro de Europa y Asuntos Exteriores de Francia, <strong data-start=\"987\" data-end=\"1007\">Jean-No\u00ebl Barrot<\/strong>. El encuentro permitir\u00e1 avanzar en temas de la agenda bilateral y regional, adem\u00e1s de fortalecer los v\u00ednculos diplom\u00e1ticos entre Paraguay y Francia.<\/p>\n<p style=\"text-align: justify;\" data-start=\"1158\" data-end=\"1554\" data-is-last-node=\"\" data-is-only-node=\"\">En la capital francesa, el canciller tambi\u00e9n mantendr\u00e1 una reuni\u00f3n con <strong data-start=\"1229\" data-end=\"1248\">Mathias Cormann<\/strong>, secretario general de la <strong data-start=\"1275\" data-end=\"1344\">Organizaci\u00f3n para la Cooperaci\u00f3n y el Desarrollo Econ\u00f3mico (OCDE)<\/strong>. El encuentro se enmarca en la agenda internacional de Paraguay y permitir\u00e1 abordar temas relacionados con la cooperaci\u00f3n y el proceso de acercamiento del pa\u00eds a los est\u00e1ndares y mecanismos de la organizaci\u00f3n.<\/p>\n","protected":false},"excerpt":{"rendered":"<p>El ministro de Relaciones Exteriores, Rub\u00e9n Ram\u00edrez Lezcano, arrib\u00f3 a Bruselas, donde desde este lunes 7 de septiembre mantendr\u00e1 una serie de reuniones con autoridades de la Uni\u00f3n Europea (UE).&hellip; <\/p>\n","protected":false},"author":1,"featured_media":81248,"comment_status":"closed","ping_status":"open","sticky":false,"template":"","format":"standard","meta":{"sfsi_plus_gutenberg_text_before_share":"","sfsi_plus_gutenberg_show_text_before_share":"","sfsi_plus_gutenberg_icon_type":"","sfsi_plus_gutenberg_icon_alignemt":"","sfsi_plus_gutenburg_max_per_row":"","footnotes":"","_jetpack_memberships_contains_paid_content":false,"jetpack_publicize_message":"","jetpack_publicize_feature_enabled":true,"jetpack_social_post_already_shared":true,"jetpack_social_options":{"image_generator_settings":{"template":"highway","enabled":false},"version":2}},"categories":[145,2],"tags":[],"jetpack_publicize_connections":[],"jetpack_sharing_enabled":true,"jetpack_featured_media_url":"https:\/\/agendaparaguay.com\/v2\/wp-content\/uploads\/2026\/09\/ruben_ramirez_lezcano.png","_links":{"self":[{"href":"https:\/\/agendaparaguay.com\/v2\/wp-json\/wp\/v2\/posts\/81247"}],"collection":[{"href":"https:\/\/agendaparaguay.com\/v2\/wp-json\/wp\/v2\/posts"}],"about":[{"href":"https:\/\/agendaparaguay.com\/v2\/wp-json\/wp\/v2\/types\/post"}],"author":[{"embeddable":true,"href":"https:\/\/agendaparaguay.com\/v2\/wp-json\/wp\/v2\/users\/1"}],"replies":[{"embeddable":true,"href":"https:\/\/agendaparaguay.com\/v2\/wp-json\/wp\/v2\/comments?post=81247"}],"version-history":[{"count":1,"href":"https:\/\/agendaparaguay.com\/v2\/wp-json\/wp\/v2\/posts\/81247\/revisions"}],"predecessor-version":[{"id":81249,"href":"https:\/\/agendaparaguay.com\/v2\/wp-json\/wp\/v2\/posts\/81247\/revisions\/81249"}],"wp:featuredmedia":[{"embeddable":true,"href":"https:\/\/agendaparaguay.com\/v2\/wp-json\/wp\/v2\/media\/81248"}],"wp:attachment":[{"href":"https:\/\/agendaparaguay.com\/v2\/wp-json\/wp\/v2\/media?parent=81247"}],"wp:term":[{"taxonomy":"category","embeddable":true,"href":"https:\/\/agendaparaguay.com\/v2\/wp-json\/wp\/v2\/categories?post=81247"},{"taxonomy":"post_tag","embeddable":true,"href":"https:\/\/agendaparaguay.com\/v2\/wp-json\/wp\/v2\/tags?post=81247"}],"curies":[{"name":"wp","href":"https:\/\/api.w.org\/{rel}","templated":true}]}}