{"id":8378,"date":"2019-05-17T12:00:49","date_gmt":"2019-05-17T16:00:49","guid":{"rendered":"http:\/\/agendaparaguay.com\/v2\/?p=8378"},"modified":"2019-05-17T10:11:10","modified_gmt":"2019-05-17T14:11:10","slug":"medicos-de-diputados-seran-reubicados-segun-ministro","status":"publish","type":"post","link":"https:\/\/agendaparaguay.com\/v2\/2019\/05\/17\/medicos-de-diputados-seran-reubicados-segun-ministro\/","title":{"rendered":"M\u00e9dicos de Diputados ser\u00e1n reubicados, seg\u00fan ministro"},"content":{"rendered":"<p style=\"text-align: justify;\">Tras la eliminaci\u00f3n de \u00abmini hospital\u00bb de la C\u00e1mara de Diputados y el traslado definitivo de rubros m\u00e9dicos a cargo del Ministerio de salud que ayer sancion\u00f3 la c\u00e1mara de senadores, el ministro de salud publica Julio Mazzoleni, anunci\u00f3 el personal ser\u00e1 reubicado en aquellos lugares donde m\u00e1s se requiere recursos humanos, de acuerdo al perfil que re\u00fane cada profesional.<!--more--><\/p>\n<p style=\"text-align: justify;\">El secretario de estado aclar\u00f3 a Radio 100 que \u00abqueda pendiente resolver la cuesti\u00f3n administrativa que tiene que ver con la l\u00ednea del lugar desde donde provienen los m\u00e9dicos\u00bb.<\/p>\n<p style=\"text-align: justify;\">En contexto, mencion\u00f3 que estando en el \u201cmini-hospital\u201d estos m\u00e9dicos ten\u00edan una carga horaria y un salario, cuestiones que fueron establecidas por las autoridades del cuerpo legislativo.<\/p>\n<p style=\"text-align: justify;\">\u201cUna posibilidad ser\u00eda considerar cerrar el a\u00f1o con esto y ya el a\u00f1o que viene acomodarlos a los est\u00e1ndares de salud\u201d, manifest\u00f3 Mazzoleni.<\/p>\n","protected":false},"excerpt":{"rendered":"<p>Tras la eliminaci\u00f3n de \u00abmini hospital\u00bb de la C\u00e1mara de Diputados y el traslado definitivo de rubros m\u00e9dicos a cargo del Ministerio de salud que ayer sancion\u00f3 la c\u00e1mara de&hellip; <\/p>\n","protected":false},"author":1,"featured_media":4828,"comment_status":"open","ping_status":"open","sticky":false,"template":"","format":"standard","meta":{"sfsi_plus_gutenberg_text_before_share":"","sfsi_plus_gutenberg_show_text_before_share":"","sfsi_plus_gutenberg_icon_type":"","sfsi_plus_gutenberg_icon_alignemt":"","sfsi_plus_gutenburg_max_per_row":"","footnotes":"","_jetpack_memberships_contains_paid_content":false,"jetpack_publicize_message":"","jetpack_publicize_feature_enabled":true,"jetpack_social_post_already_shared":false,"jetpack_social_options":{"image_generator_settings":{"template":"highway","enabled":false},"version":2}},"categories":[5],"tags":[],"jetpack_publicize_connections":[],"jetpack_sharing_enabled":true,"jetpack_featured_media_url":"https:\/\/agendaparaguay.com\/v2\/wp-content\/uploads\/2019\/02\/ministro_salud_julio_mazzoleni.jpg","_links":{"self":[{"href":"https:\/\/agendaparaguay.com\/v2\/wp-json\/wp\/v2\/posts\/8378"}],"collection":[{"href":"https:\/\/agendaparaguay.com\/v2\/wp-json\/wp\/v2\/posts"}],"about":[{"href":"https:\/\/agendaparaguay.com\/v2\/wp-json\/wp\/v2\/types\/post"}],"author":[{"embeddable":true,"href":"https:\/\/agendaparaguay.com\/v2\/wp-json\/wp\/v2\/users\/1"}],"replies":[{"embeddable":true,"href":"https:\/\/agendaparaguay.com\/v2\/wp-json\/wp\/v2\/comments?post=8378"}],"version-history":[{"count":1,"href":"https:\/\/agendaparaguay.com\/v2\/wp-json\/wp\/v2\/posts\/8378\/revisions"}],"predecessor-version":[{"id":8379,"href":"https:\/\/agendaparaguay.com\/v2\/wp-json\/wp\/v2\/posts\/8378\/revisions\/8379"}],"wp:featuredmedia":[{"embeddable":true,"href":"https:\/\/agendaparaguay.com\/v2\/wp-json\/wp\/v2\/media\/4828"}],"wp:attachment":[{"href":"https:\/\/agendaparaguay.com\/v2\/wp-json\/wp\/v2\/media?parent=8378"}],"wp:term":[{"taxonomy":"category","embeddable":true,"href":"https:\/\/agendaparaguay.com\/v2\/wp-json\/wp\/v2\/categories?post=8378"},{"taxonomy":"post_tag","embeddable":true,"href":"https:\/\/agendaparaguay.com\/v2\/wp-json\/wp\/v2\/tags?post=8378"}],"curies":[{"name":"wp","href":"https:\/\/api.w.org\/{rel}","templated":true}]}}