{"id":8394,"date":"2019-05-17T16:00:14","date_gmt":"2019-05-17T20:00:14","guid":{"rendered":"http:\/\/agendaparaguay.com\/v2\/?p=8394"},"modified":"2019-05-17T13:34:59","modified_gmt":"2019-05-17T17:34:59","slug":"al-presidente-de-diputados-no-le-preocupa-allanamientos","status":"publish","type":"post","link":"https:\/\/agendaparaguay.com\/v2\/2019\/05\/17\/al-presidente-de-diputados-no-le-preocupa-allanamientos\/","title":{"rendered":"Al presidente de Diputados no le preocupa allanamientos"},"content":{"rendered":"<p style=\"text-align: justify;\">Tras el allanamiento encabezado por la Fiscal Irma Llano en Paraguar\u00ed a dos establecimientos rurales, propiedad del titular de Diputados Miguel Cuevas, el legislador aclar\u00f3 que no le preocupa ni le molesta la presencia del Ministerio P\u00fablico en sus tierras.<!--more--><\/p>\n<p style=\"text-align: justify;\">Cuevas se\u00f1al\u00f3 que gracias a estos procedimientos, lograr\u00e1 de una vez aclarar que no cometi\u00f3 el hecho punible de enriquecimiento il\u00edcito, tal como plantean \u00absus adversarios pol\u00edticos\u00bb.<\/p>\n<p style=\"text-align: justify;\">\u00abConsidero que se trata de un trabajo que tienen que hacer desde la Fiscal\u00eda. Es muy importante tambi\u00e9n para m\u00ed y para mi familia, porque con esto vamos a aclarar todas las denuncias que se vienen realizando en mi contra\u00bb, expres\u00f3 el n\u00famero dos del legislativo.<\/p>\n<p style=\"text-align: justify;\">\n\u00abYo apenas soy un trabajador y no tengo nada que esconder\u00bb, indic\u00f3 Cuevas.<\/p>\n<p style=\"text-align: justify;\">Desde el Ministerio P\u00fablico aclararon que realizar\u00e1n m\u00e1s procedimientos en los pr\u00f3ximos d\u00edas hasta verificar la totalidad de los bienes del parlamentario y corrobore la existencia o no de un hechos punible.<\/p>\n","protected":false},"excerpt":{"rendered":"<p>Tras el allanamiento encabezado por la Fiscal Irma Llano en Paraguar\u00ed a dos establecimientos rurales, propiedad del titular de Diputados Miguel Cuevas, el legislador aclar\u00f3 que no le preocupa ni&hellip; <\/p>\n","protected":false},"author":1,"featured_media":6178,"comment_status":"open","ping_status":"open","sticky":false,"template":"","format":"standard","meta":{"sfsi_plus_gutenberg_text_before_share":"","sfsi_plus_gutenberg_show_text_before_share":"","sfsi_plus_gutenberg_icon_type":"","sfsi_plus_gutenberg_icon_alignemt":"","sfsi_plus_gutenburg_max_per_row":"","footnotes":"","_jetpack_memberships_contains_paid_content":false,"jetpack_publicize_message":"","jetpack_publicize_feature_enabled":true,"jetpack_social_post_already_shared":false,"jetpack_social_options":{"image_generator_settings":{"template":"highway","enabled":false},"version":2}},"categories":[5],"tags":[],"jetpack_publicize_connections":[],"jetpack_sharing_enabled":true,"jetpack_featured_media_url":"https:\/\/agendaparaguay.com\/v2\/wp-content\/uploads\/2019\/03\/dip_miguel_cuevas_pdte.jpeg","_links":{"self":[{"href":"https:\/\/agendaparaguay.com\/v2\/wp-json\/wp\/v2\/posts\/8394"}],"collection":[{"href":"https:\/\/agendaparaguay.com\/v2\/wp-json\/wp\/v2\/posts"}],"about":[{"href":"https:\/\/agendaparaguay.com\/v2\/wp-json\/wp\/v2\/types\/post"}],"author":[{"embeddable":true,"href":"https:\/\/agendaparaguay.com\/v2\/wp-json\/wp\/v2\/users\/1"}],"replies":[{"embeddable":true,"href":"https:\/\/agendaparaguay.com\/v2\/wp-json\/wp\/v2\/comments?post=8394"}],"version-history":[{"count":1,"href":"https:\/\/agendaparaguay.com\/v2\/wp-json\/wp\/v2\/posts\/8394\/revisions"}],"predecessor-version":[{"id":8395,"href":"https:\/\/agendaparaguay.com\/v2\/wp-json\/wp\/v2\/posts\/8394\/revisions\/8395"}],"wp:featuredmedia":[{"embeddable":true,"href":"https:\/\/agendaparaguay.com\/v2\/wp-json\/wp\/v2\/media\/6178"}],"wp:attachment":[{"href":"https:\/\/agendaparaguay.com\/v2\/wp-json\/wp\/v2\/media?parent=8394"}],"wp:term":[{"taxonomy":"category","embeddable":true,"href":"https:\/\/agendaparaguay.com\/v2\/wp-json\/wp\/v2\/categories?post=8394"},{"taxonomy":"post_tag","embeddable":true,"href":"https:\/\/agendaparaguay.com\/v2\/wp-json\/wp\/v2\/tags?post=8394"}],"curies":[{"name":"wp","href":"https:\/\/api.w.org\/{rel}","templated":true}]}}