{"id":8555,"date":"2019-05-22T14:55:42","date_gmt":"2019-05-22T18:55:42","guid":{"rendered":"http:\/\/agendaparaguay.com\/v2\/?p=8555"},"modified":"2019-05-22T14:18:12","modified_gmt":"2019-05-22T18:18:12","slug":"senador-insta-a-aprobar-creacion-del-ministerio-de-energia","status":"publish","type":"post","link":"https:\/\/agendaparaguay.com\/v2\/2019\/05\/22\/senador-insta-a-aprobar-creacion-del-ministerio-de-energia\/","title":{"rendered":"Senador insta a aprobar creaci\u00f3n del Ministerio de Energ\u00eda"},"content":{"rendered":"<p style=\"text-align: justify;\">El Proyecto Ley \u201cQue crea el Ministerio de Energ\u00eda, Minas e Hidrocarburos\u201d, que cuenta con Dictamen por la aprobaci\u00f3n de la Comisi\u00f3n de Legislaci\u00f3n ser\u00b4pa analizado este jueves en el Senado.<!--more--><\/p>\n<p style=\"text-align: justify;\">El legislador Fernando Silva Facetti inst\u00f3 a sus colegas a aprobar el proyecto en su momento impulsado por los ex senadores Arnoldo Wiens y Miguel L\u00f3pez Perito.<\/p>\n<p style=\"text-align: justify;\">\u201cEl Ministerio de Energ\u00eda ser\u00e1 el \u00fanico organismo encargado de ejecutar \u201cPol\u00edtica Energ\u00e9tica Nacional\u201d, en un sector relevante para el pa\u00eds, hoy d\u00eda bic\u00e9falo, ya que hoy son manejados por Obras P\u00fablicas e Industria y Comercio.<br \/>\n\u201cParaguay es uno de los mayores exportadores de Energ\u00eda el\u00e9ctrica del mundo, adem\u00e1s copropietario de hidroel\u00e9ctricas Itaipu y Yacyreta, cuyos ingresos por royalties y compensaciones por cesi\u00f3n energ\u00eda representan elevado porcentaje de presupuesto nacional\u201d, se\u00f1al\u00f3 Silva Facetti.<\/p>\n<p style=\"text-align: justify;\">Explic\u00f3 que el repunte de la miner\u00eda en Paraguay y los indicios de presencia de petr\u00f3leo requiere de un organismo t\u00e9cnico especializado en la materia con destacado plantel t\u00e9cnico para alentar, controlar y fiscalizar trabajos con presupuesto propio, acorde a tan especializadas tareas.<\/p>\n<p style=\"text-align: justify;\">Indic\u00f3 que el sector minero en los \u00faltimos a\u00f1os ha aportado al estado en concepto de canon minero y regal\u00edas el 90% presupuesto del Vice ministerio Minas y Energ\u00eda, por lo que creaci\u00f3n del Ministerio no significar\u00e1 erogaci\u00f3n extraordinaria alguna para Presupuesto P\u00fablico.<\/p>\n<p style=\"text-align: justify;\">El parlamentario indic\u00f3 que luego de la creaci\u00f3n del ministerio se impulsar\u00e1 el proyecto de ley que fomenta el uso de Derechos Renovables con fines energ\u00e9ticos.<\/p>\n<p style=\"text-align: justify;\">\u201cEl marco jur\u00eddico nos permitir\u00e1 promover e incentivar el desarrollo de Fuentes de energ\u00edas renovables no convencionales, para lograr la optimizaci\u00f3n de abastecimiento y distribuci\u00f3n del suministro el\u00e9ctrico, en miras de consolidar nuestra Soberan\u00eda Energ\u00e9tica\u201d, culmin\u00f3 el parlamentario liberal.<\/p>\n","protected":false},"excerpt":{"rendered":"<p>El Proyecto Ley \u201cQue crea el Ministerio de Energ\u00eda, Minas e Hidrocarburos\u201d, que cuenta con Dictamen por la aprobaci\u00f3n de la Comisi\u00f3n de Legislaci\u00f3n ser\u00b4pa analizado este jueves en el&hellip; <\/p>\n","protected":false},"author":1,"featured_media":6994,"comment_status":"open","ping_status":"open","sticky":false,"template":"","format":"standard","meta":{"sfsi_plus_gutenberg_text_before_share":"","sfsi_plus_gutenberg_show_text_before_share":"","sfsi_plus_gutenberg_icon_type":"","sfsi_plus_gutenberg_icon_alignemt":"","sfsi_plus_gutenburg_max_per_row":"","footnotes":"","_jetpack_memberships_contains_paid_content":false,"jetpack_publicize_message":"","jetpack_publicize_feature_enabled":true,"jetpack_social_post_already_shared":false,"jetpack_social_options":{"image_generator_settings":{"template":"highway","enabled":false},"version":2}},"categories":[3],"tags":[],"jetpack_publicize_connections":[],"jetpack_sharing_enabled":true,"jetpack_featured_media_url":"https:\/\/agendaparaguay.com\/v2\/wp-content\/uploads\/2019\/04\/sen_silva_facetti.jpeg","_links":{"self":[{"href":"https:\/\/agendaparaguay.com\/v2\/wp-json\/wp\/v2\/posts\/8555"}],"collection":[{"href":"https:\/\/agendaparaguay.com\/v2\/wp-json\/wp\/v2\/posts"}],"about":[{"href":"https:\/\/agendaparaguay.com\/v2\/wp-json\/wp\/v2\/types\/post"}],"author":[{"embeddable":true,"href":"https:\/\/agendaparaguay.com\/v2\/wp-json\/wp\/v2\/users\/1"}],"replies":[{"embeddable":true,"href":"https:\/\/agendaparaguay.com\/v2\/wp-json\/wp\/v2\/comments?post=8555"}],"version-history":[{"count":1,"href":"https:\/\/agendaparaguay.com\/v2\/wp-json\/wp\/v2\/posts\/8555\/revisions"}],"predecessor-version":[{"id":8556,"href":"https:\/\/agendaparaguay.com\/v2\/wp-json\/wp\/v2\/posts\/8555\/revisions\/8556"}],"wp:featuredmedia":[{"embeddable":true,"href":"https:\/\/agendaparaguay.com\/v2\/wp-json\/wp\/v2\/media\/6994"}],"wp:attachment":[{"href":"https:\/\/agendaparaguay.com\/v2\/wp-json\/wp\/v2\/media?parent=8555"}],"wp:term":[{"taxonomy":"category","embeddable":true,"href":"https:\/\/agendaparaguay.com\/v2\/wp-json\/wp\/v2\/categories?post=8555"},{"taxonomy":"post_tag","embeddable":true,"href":"https:\/\/agendaparaguay.com\/v2\/wp-json\/wp\/v2\/tags?post=8555"}],"curies":[{"name":"wp","href":"https:\/\/api.w.org\/{rel}","templated":true}]}}