{"id":8975,"date":"2019-06-03T21:10:19","date_gmt":"2019-06-04T01:10:19","guid":{"rendered":"http:\/\/agendaparaguay.com\/v2\/?p=8975"},"modified":"2019-06-03T21:10:46","modified_gmt":"2019-06-04T01:10:46","slug":"honor-colorado-acompana-destitucion-de-amarilla","status":"publish","type":"post","link":"https:\/\/agendaparaguay.com\/v2\/2019\/06\/03\/honor-colorado-acompana-destitucion-de-amarilla\/","title":{"rendered":"Honor Colorado acompa\u00f1a destituci\u00f3n de Amarilla"},"content":{"rendered":"<p style=\"text-align: justify;\">La bancada de Honor Colorado acompa\u00f1ar\u00e1 con su voto la destituci\u00f3n del senador liberal Dionisio Amarilla, seg\u00fan confirmo el legislador Sergio Godoy.<!--more--><\/p>\n<p style=\"text-align: justify;\">Godoy resalt\u00f3 que escuchar\u00e1n a Amarilla durante su descargo ante el pleno de la c\u00e1mara alta, pero aclar\u00f3 que la posici\u00f3n del bloque no cambiar\u00e1.<\/p>\n<p style=\"text-align: justify;\">\u201cEn este caso particular, los hechos son demasiado graves y relevantes\u201d, destac\u00f3 al hacer referencia a la conducta de Dionisio Amarilla.<\/p>\n<p style=\"text-align: justify;\">Cabe destacar que el pedido de Perdida de Investidura ser\u00e1 analizado este jueves en sesi\u00f3n extraordinaria.<\/p>\n","protected":false},"excerpt":{"rendered":"<p>La bancada de Honor Colorado acompa\u00f1ar\u00e1 con su voto la destituci\u00f3n del senador liberal Dionisio Amarilla, seg\u00fan confirmo el legislador Sergio Godoy.<\/p>\n","protected":false},"author":1,"featured_media":7640,"comment_status":"open","ping_status":"open","sticky":false,"template":"","format":"standard","meta":{"sfsi_plus_gutenberg_text_before_share":"","sfsi_plus_gutenberg_show_text_before_share":"","sfsi_plus_gutenberg_icon_type":"","sfsi_plus_gutenberg_icon_alignemt":"","sfsi_plus_gutenburg_max_per_row":"","footnotes":"","_jetpack_memberships_contains_paid_content":false,"jetpack_publicize_message":"","jetpack_publicize_feature_enabled":true,"jetpack_social_post_already_shared":true,"jetpack_social_options":{"image_generator_settings":{"template":"highway","enabled":false},"version":2}},"categories":[3],"tags":[],"jetpack_publicize_connections":[],"jetpack_sharing_enabled":true,"jetpack_featured_media_url":"https:\/\/agendaparaguay.com\/v2\/wp-content\/uploads\/2019\/04\/sen_dionisio_amarilla_201904.jpeg","_links":{"self":[{"href":"https:\/\/agendaparaguay.com\/v2\/wp-json\/wp\/v2\/posts\/8975"}],"collection":[{"href":"https:\/\/agendaparaguay.com\/v2\/wp-json\/wp\/v2\/posts"}],"about":[{"href":"https:\/\/agendaparaguay.com\/v2\/wp-json\/wp\/v2\/types\/post"}],"author":[{"embeddable":true,"href":"https:\/\/agendaparaguay.com\/v2\/wp-json\/wp\/v2\/users\/1"}],"replies":[{"embeddable":true,"href":"https:\/\/agendaparaguay.com\/v2\/wp-json\/wp\/v2\/comments?post=8975"}],"version-history":[{"count":2,"href":"https:\/\/agendaparaguay.com\/v2\/wp-json\/wp\/v2\/posts\/8975\/revisions"}],"predecessor-version":[{"id":8977,"href":"https:\/\/agendaparaguay.com\/v2\/wp-json\/wp\/v2\/posts\/8975\/revisions\/8977"}],"wp:featuredmedia":[{"embeddable":true,"href":"https:\/\/agendaparaguay.com\/v2\/wp-json\/wp\/v2\/media\/7640"}],"wp:attachment":[{"href":"https:\/\/agendaparaguay.com\/v2\/wp-json\/wp\/v2\/media?parent=8975"}],"wp:term":[{"taxonomy":"category","embeddable":true,"href":"https:\/\/agendaparaguay.com\/v2\/wp-json\/wp\/v2\/categories?post=8975"},{"taxonomy":"post_tag","embeddable":true,"href":"https:\/\/agendaparaguay.com\/v2\/wp-json\/wp\/v2\/tags?post=8975"}],"curies":[{"name":"wp","href":"https:\/\/api.w.org\/{rel}","templated":true}]}}