{"id":9010,"date":"2019-06-04T15:30:28","date_gmt":"2019-06-04T19:30:28","guid":{"rendered":"http:\/\/agendaparaguay.com\/v2\/?p=9010"},"modified":"2019-06-04T12:09:41","modified_gmt":"2019-06-04T16:09:41","slug":"ministro-descarta-desabastecimiento-de-medicamentos","status":"publish","type":"post","link":"https:\/\/agendaparaguay.com\/v2\/2019\/06\/04\/ministro-descarta-desabastecimiento-de-medicamentos\/","title":{"rendered":"Ministro descarta desabastecimiento de medicamentos"},"content":{"rendered":"<p style=\"text-align: justify;\">Luego de la reuni\u00f3n mantenida con integrantes de la Comisi\u00f3n de Hacienda y Presupuesto de la c\u00e1mara baja, el ministro de Salud Julio Mazzoleni asegur\u00f3 que no existe desabastecimiento de medicamentos, como denuncian algunos sectores de la ciudadan\u00eda.<!--more--><\/p>\n<p style=\"text-align: justify;\">\u00abExiste una noci\u00f3n instalada de la falta de medicamentos e insumos que no es siempre precisa\u00bb, resalt\u00f3 el secretario de estado.<\/p>\n<p style=\"text-align: justify;\">Mencion\u00f3 que actualmente se habla de la supuesta falta de medicamentos, que muchas veces es producto de la falta de mejoramiento de la distribuci\u00f3n interna.<\/p>\n<p style=\"text-align: justify;\">\u00abEstamos trabajando arduamente para mejorar nuestra gesti\u00f3n interna y comunicaci\u00f3n entre el nivel central y los hospitales y entre el propio hospital y su farmacia\u00bb, expres\u00f3 Mazzoleni.<\/p>\n","protected":false},"excerpt":{"rendered":"<p>Luego de la reuni\u00f3n mantenida con integrantes de la Comisi\u00f3n de Hacienda y Presupuesto de la c\u00e1mara baja, el ministro de Salud Julio Mazzoleni asegur\u00f3 que no existe desabastecimiento de&hellip; <\/p>\n","protected":false},"author":1,"featured_media":4828,"comment_status":"open","ping_status":"open","sticky":false,"template":"","format":"standard","meta":{"sfsi_plus_gutenberg_text_before_share":"","sfsi_plus_gutenberg_show_text_before_share":"","sfsi_plus_gutenberg_icon_type":"","sfsi_plus_gutenberg_icon_alignemt":"","sfsi_plus_gutenburg_max_per_row":"","footnotes":"","_jetpack_memberships_contains_paid_content":false,"jetpack_publicize_message":"","jetpack_publicize_feature_enabled":true,"jetpack_social_post_already_shared":true,"jetpack_social_options":{"image_generator_settings":{"template":"highway","enabled":false},"version":2}},"categories":[4,5],"tags":[],"jetpack_publicize_connections":[],"jetpack_sharing_enabled":true,"jetpack_featured_media_url":"https:\/\/agendaparaguay.com\/v2\/wp-content\/uploads\/2019\/02\/ministro_salud_julio_mazzoleni.jpg","_links":{"self":[{"href":"https:\/\/agendaparaguay.com\/v2\/wp-json\/wp\/v2\/posts\/9010"}],"collection":[{"href":"https:\/\/agendaparaguay.com\/v2\/wp-json\/wp\/v2\/posts"}],"about":[{"href":"https:\/\/agendaparaguay.com\/v2\/wp-json\/wp\/v2\/types\/post"}],"author":[{"embeddable":true,"href":"https:\/\/agendaparaguay.com\/v2\/wp-json\/wp\/v2\/users\/1"}],"replies":[{"embeddable":true,"href":"https:\/\/agendaparaguay.com\/v2\/wp-json\/wp\/v2\/comments?post=9010"}],"version-history":[{"count":1,"href":"https:\/\/agendaparaguay.com\/v2\/wp-json\/wp\/v2\/posts\/9010\/revisions"}],"predecessor-version":[{"id":9011,"href":"https:\/\/agendaparaguay.com\/v2\/wp-json\/wp\/v2\/posts\/9010\/revisions\/9011"}],"wp:featuredmedia":[{"embeddable":true,"href":"https:\/\/agendaparaguay.com\/v2\/wp-json\/wp\/v2\/media\/4828"}],"wp:attachment":[{"href":"https:\/\/agendaparaguay.com\/v2\/wp-json\/wp\/v2\/media?parent=9010"}],"wp:term":[{"taxonomy":"category","embeddable":true,"href":"https:\/\/agendaparaguay.com\/v2\/wp-json\/wp\/v2\/categories?post=9010"},{"taxonomy":"post_tag","embeddable":true,"href":"https:\/\/agendaparaguay.com\/v2\/wp-json\/wp\/v2\/tags?post=9010"}],"curies":[{"name":"wp","href":"https:\/\/api.w.org\/{rel}","templated":true}]}}